{"id":59124,"date":"2017-02-08T07:35:25","date_gmt":"2017-02-08T10:35:25","guid":{"rendered":"http:\/\/argentinamunicipal.com.ar\/argentina\/?p=59124"},"modified":"2017-02-08T07:35:25","modified_gmt":"2017-02-08T10:35:25","slug":"tercio-los-comercios-esta-infraccion-no-entender-aplicar-precios-transparentes","status":"publish","type":"post","link":"http:\/\/argentinamunicipal.com.ar\/argentina\/tercio-los-comercios-esta-infraccion-no-entender-aplicar-precios-transparentes\/","title":{"rendered":"Un tercio de los comercios est\u00e1 en infracci\u00f3n por no entender c\u00f3mo aplicar \u00abPrecios Transparentes\u00bb"},"content":{"rendered":"<p>El dato surgi\u00f3 de de un sondeo realizado por el Instituto de Estudios de Consumo Masivo (INDECOM) en los conurbanos m\u00e1s grandes del pa\u00eds.<\/p>\n<p>M\u00e1s de un 30 % de los comercios est\u00e1n en infracci\u00f3n por \u00abno saber c\u00f3mo poner en pr\u00e1ctica\u00bb el sistema \u00abPrecios Transparentes\u00bb que lanz\u00f3 el Gobierno hace una semana.<\/p>\n<p>El dato surgi\u00f3 de de un sondeo realizado por el Instituto de Estudios de Consumo Masivo (INDECOM), durante los cinco d\u00edas posteriores a la implementaci\u00f3n del programa oficial.<\/p>\n<p>Seg\u00fan el informe, la tercera parte de los locales comerciales incurren en incumplimientos a la norma que entro en vigencia el 1 de febrero \u00faltimo.<\/p>\n<p>El relevamiento se llev\u00f3 a cabo desde el mi\u00e9rcoles 1 hasta el lunes 6 de febrero, sobre un total de 247 comercios de rubros tales como indumentaria, calzado, marroquiner\u00eda, perfumer\u00eda, electrodom\u00e9sticos, art\u00edculos del hogar y electr\u00f3nica, ubicados en Capital Federal, Gran Mendoza, Gran Buenos Aires, C\u00f3rdoba, Mar del Plata, Rosario y Tucum\u00e1n.<\/p>\n<p>Seg\u00fan el estudio, del total de las fiscalizaciones, el 32 % ha reportado infracciones a la norma, \u00aben virtud de no instrumentarla o de no hacerlo eficientemente\u00bb.<\/p>\n<p>Sobre ese porcentaje, INDECOM destac\u00f3 que un 13% de los comercios \u00abno cumplieron con la reglamentaci\u00f3n, por no informar el Costo Financiero Total en caso de exhibir precios financiados o por no indicar si hay financiaci\u00f3n\u00bb.<\/p>\n<p>El 12% \u00abest\u00e1 en infracci\u00f3n por se\u00f1alar leyendas de cuotas sin inter\u00e9s, aunque ya cuentan con intereses incluidos, o por citar inscripciones tales como consulte planes de financiaci\u00f3n\u00bb, explic\u00f3 el informe.<\/p>\n<p>Y a\u00f1adi\u00f3 que un 7% \u00abincluye a quienes colocaron carteles en los que no coincide el total financiado con el resultado de monto y cantidad de cuotas, y a otros que exhiben carteler\u00eda con planes de cuotas con diferentes costos de financiaci\u00f3n\u00bb.<\/p>\n<p>Sobre las causas del incumplimiento, el informe revel\u00f3 que el 61 % de los comerciantes reconoci\u00f3 que \u00abno entendieron c\u00f3mo informar correctamente el cambio en los precios seg\u00fan los diferentes medios de pagos\u00bb.<\/p>\n<p>Por su parte, el 19 % dijo que \u00abno hicieron a tiempo para cambiar la totalidad de los precios exhibidos\u00bb y el 11 % admiti\u00f3 \u00abno ejecutar correctamente la norma por no estar de acuerdo con su implementaci\u00f3n\u00bb.<\/p>\n<p>En cuanto a los precios, INDECOM se\u00f1al\u00f3 que \u00abun 18 % de los negocios mantuvo el precio en un pago o al contado, pero increment\u00f3 el cargo con financiamiento\u00bb, y detall\u00f3 que \u00ablos aumentos en cuotas rondan entre un 5 y un 15 % promedio para seis pagos\u00bb.<\/p>\n<p>Tambi\u00e9n inform\u00f3 que \u00abs\u00f3lo el 8 % de los comercios redujo el precio en efectivo (entre un 5 y un 7 %), porque \u00abya ven\u00edan bajando los precios de contado por la ca\u00edda de ventas, lo cual les impide seguir bajando precios\u00bb.<\/p>\n<p>En este marco, el presidente del INDECOM, Miguel Calvete, consider\u00f3 que \u00abes importante que el Gobierno realice una campa\u00f1a aclaratoria y d\u00e9 instrucciones a los comerciantes, porque es muy elevado el porcentaje de puntos de venta peque\u00f1os y medianos que no comprende la medida ni c\u00f3mo ponerla en pr\u00e1ctica\u00bb.<\/p>\n<p>\u00abSer\u00eda positivo que el Poder Ejecutivo Nacional estipule un plazo de al menos un mes en el que se labren s\u00f3lo actas de apercibimientos y no de infracciones (salvo en aquellos casos donde se registren evidentes distorsiones de precios), para permitir que tanto los comercios como los consumidores interpreten claramente las normas que establece la nueva reglamentaci\u00f3n\u00bb, concluy\u00f3 el dirigente.<\/p>\n<h6>Fuente: UNO Mendoza<\/h6>\n","protected":false},"excerpt":{"rendered":"<p>El dato surgi\u00f3 de de un sondeo realizado por el Instituto de Estudios de Consumo Masivo (INDECOM) en los conurbanos m\u00e1s grandes del pa\u00eds.<\/p>\n","protected":false},"author":2,"featured_media":59125,"comment_status":"closed","ping_status":"closed","sticky":false,"template":"","format":"standard","meta":{"footnotes":""},"categories":[8],"tags":[21],"class_list":["post-59124","post","type-post","status-publish","format-standard","has-post-thumbnail","hentry","category-informe-nacional","tag-argentina"],"_links":{"self":[{"href":"http:\/\/argentinamunicipal.com.ar\/argentina\/wp-json\/wp\/v2\/posts\/59124","targetHints":{"allow":["GET"]}}],"collection":[{"href":"http:\/\/argentinamunicipal.com.ar\/argentina\/wp-json\/wp\/v2\/posts"}],"about":[{"href":"http:\/\/argentinamunicipal.com.ar\/argentina\/wp-json\/wp\/v2\/types\/post"}],"author":[{"embeddable":true,"href":"http:\/\/argentinamunicipal.com.ar\/argentina\/wp-json\/wp\/v2\/users\/2"}],"replies":[{"embeddable":true,"href":"http:\/\/argentinamunicipal.com.ar\/argentina\/wp-json\/wp\/v2\/comments?post=59124"}],"version-history":[{"count":0,"href":"http:\/\/argentinamunicipal.com.ar\/argentina\/wp-json\/wp\/v2\/posts\/59124\/revisions"}],"wp:featuredmedia":[{"embeddable":true,"href":"http:\/\/argentinamunicipal.com.ar\/argentina\/wp-json\/wp\/v2\/media\/59125"}],"wp:attachment":[{"href":"http:\/\/argentinamunicipal.com.ar\/argentina\/wp-json\/wp\/v2\/media?parent=59124"}],"wp:term":[{"taxonomy":"category","embeddable":true,"href":"http:\/\/argentinamunicipal.com.ar\/argentina\/wp-json\/wp\/v2\/categories?post=59124"},{"taxonomy":"post_tag","embeddable":true,"href":"http:\/\/argentinamunicipal.com.ar\/argentina\/wp-json\/wp\/v2\/tags?post=59124"}],"curies":[{"name":"wp","href":"https:\/\/api.w.org\/{rel}","templated":true}]}}