{"id":59170,"date":"2017-02-09T07:14:12","date_gmt":"2017-02-09T10:14:12","guid":{"rendered":"http:\/\/argentinamunicipal.com.ar\/argentina\/?p=59170"},"modified":"2017-02-09T07:14:12","modified_gmt":"2017-02-09T10:14:12","slug":"inflacion-los-gremios-toco-16-ciento-enero","status":"publish","type":"post","link":"http:\/\/argentinamunicipal.com.ar\/argentina\/inflacion-los-gremios-toco-16-ciento-enero\/","title":{"rendered":"Inflaci\u00f3n de los gremios toc\u00f3 el 1,6 por ciento en enero"},"content":{"rendered":"<p>El Instituto Estad\u00edstico de los Trabajadores (IET) anunci\u00f3 ayer que el \u00edndice de inflaci\u00f3n \u00abde los asalariados\u00bb correspondiente a enero qued\u00f3 en 1,6 por ciento y se\u00f1al\u00f3 que, con este registro, \u00abla inflaci\u00f3n interanual se ubica ahora en 32 por ciento\u00bb.<\/p>\n<p>El Instituto Estad\u00edstico de los Trabajadores (IET) anunci\u00f3 ayer que el \u00edndice de inflaci\u00f3n \u00abde los asalariados\u00bb correspondiente a enero qued\u00f3 en 1,6 por ciento y se\u00f1al\u00f3 que, con este registro, \u00abla inflaci\u00f3n interanual se ubica ahora en 32 por ciento\u00bb.<\/p>\n<p>El IET destac\u00f3 que el valor del \u00faltimo mes muestra a la inflaci\u00f3n \u00abaceler\u00e1ndose respecto al 1,4 por ciento del segundo semestre de 2016\u00bb y dijo que con esta medici\u00f3n se \u00abtorna muy improbable\u00bb para lo que queda del a\u00f1o, alcanzar la meta de 17 por ciento prevista en el presupuesto.<\/p>\n<p>Para el instituto \u00abeste ritmo inflacionario pone un l\u00edmite acotado a la recuperaci\u00f3n del poder adquisitivo de los salarios y, consecuentemente del consumo privado\u00bb.<\/p>\n<p>Seg\u00fan se hizo saber en una conferencia de prensa que se llev\u00f3 a cabo en la sede de la CGT, \u00ab42,3 por ciento de los 326 rubros relevados mostr\u00f3 subas mayores a 1,5 por ciento mensual en enero, en tanto que 29,2 por ciento tuvo subas moderadas (entre 0 y 1,5 por ciento) y 28,5 por ciento permaneci\u00f3 sin cambios o baj\u00f3 de precio\u00bb.<\/p>\n<p>En enero, las mayores subas se dieron en el rubro \u00abotros bienes y servicios\u00bb, con una suba de 5,3 por ciento, impulsada por cigarrillos, cepillos de dientes o pa\u00f1ales descartables para beb\u00e9s. Luego, \u00abindumentaria y calzado\u00bb registr\u00f3 un alza de 3,6 por ciento y \u00abesparcimiento\u00bb 3 por ciento, \u00aben este \u00faltimo caso, por cuestiones estacionales (temporada alta en hoteler\u00eda)\u00bb.<\/p>\n<p>Hacia el futuro, el IET estim\u00f3 que \u00aben los pr\u00f3ximos tres meses\u00bb la inflaci\u00f3n podr\u00eda volver a ubicarse \u00abpor encima de 2 por ciento mensual\u00bb, por la suba de tarifas de electricidad, \u00abm\u00e1s eventualmente en gas, agua y transporte p\u00fablico\u00bb.<\/p>\n<p><strong>Salarios en baja<\/strong><\/p>\n<p>Tambi\u00e9n consign\u00f3 que \u00abentre diciembre de 2015 y enero de 2017, el salario real de los trabajadores formales cay\u00f3 en promedio 6,2 por ciento, respecto al nivel de noviembre de 2015\u00bb.<\/p>\n<p>El informe indic\u00f3 que la creaci\u00f3n de empleo, \u00abde acuerdo a los datos oficiales, sigue en terreno negativo\u00bb, ya que \u00aben noviembre de 2016 hubo casi 70.000 empleos formales privados menos que en noviembre de 2015\u00bb.<\/p>\n<p>El IET, una iniciativa de la Universidad Metropolitana para la Eucaci\u00f3n y el Trabajo (Umet) junto al Conicet y Citra, agrupa a m\u00e1s de 45 organizaciones.<\/p>\n<p>Por otra parte, hoy el gobierno dar\u00e1 a conocer el primer \u00edndice de inflaci\u00f3n del a\u00f1o, correspondiente a enero, que mostrar\u00eda una suba cercana al 1,8 por ciento.<\/p>\n<h6>Fuente: La capital Rosario<\/h6>\n","protected":false},"excerpt":{"rendered":"<p>El Instituto Estad\u00edstico de los Trabajadores (IET) anunci\u00f3 ayer que el \u00edndice de inflaci\u00f3n \u00abde los asalariados\u00bb correspondiente a enero qued\u00f3 en 1,6 por ciento y se\u00f1al\u00f3 que, con este registro, \u00abla inflaci\u00f3n interanual se ubica ahora en 32 por ciento\u00bb.<\/p>\n","protected":false},"author":2,"featured_media":59171,"comment_status":"closed","ping_status":"closed","sticky":false,"template":"","format":"standard","meta":{"footnotes":""},"categories":[8],"tags":[21],"class_list":["post-59170","post","type-post","status-publish","format-standard","has-post-thumbnail","hentry","category-informe-nacional","tag-argentina"],"_links":{"self":[{"href":"http:\/\/argentinamunicipal.com.ar\/argentina\/wp-json\/wp\/v2\/posts\/59170","targetHints":{"allow":["GET"]}}],"collection":[{"href":"http:\/\/argentinamunicipal.com.ar\/argentina\/wp-json\/wp\/v2\/posts"}],"about":[{"href":"http:\/\/argentinamunicipal.com.ar\/argentina\/wp-json\/wp\/v2\/types\/post"}],"author":[{"embeddable":true,"href":"http:\/\/argentinamunicipal.com.ar\/argentina\/wp-json\/wp\/v2\/users\/2"}],"replies":[{"embeddable":true,"href":"http:\/\/argentinamunicipal.com.ar\/argentina\/wp-json\/wp\/v2\/comments?post=59170"}],"version-history":[{"count":0,"href":"http:\/\/argentinamunicipal.com.ar\/argentina\/wp-json\/wp\/v2\/posts\/59170\/revisions"}],"wp:featuredmedia":[{"embeddable":true,"href":"http:\/\/argentinamunicipal.com.ar\/argentina\/wp-json\/wp\/v2\/media\/59171"}],"wp:attachment":[{"href":"http:\/\/argentinamunicipal.com.ar\/argentina\/wp-json\/wp\/v2\/media?parent=59170"}],"wp:term":[{"taxonomy":"category","embeddable":true,"href":"http:\/\/argentinamunicipal.com.ar\/argentina\/wp-json\/wp\/v2\/categories?post=59170"},{"taxonomy":"post_tag","embeddable":true,"href":"http:\/\/argentinamunicipal.com.ar\/argentina\/wp-json\/wp\/v2\/tags?post=59170"}],"curies":[{"name":"wp","href":"https:\/\/api.w.org\/{rel}","templated":true}]}}