{"id":59209,"date":"2017-02-10T07:07:38","date_gmt":"2017-02-10T10:07:38","guid":{"rendered":"http:\/\/argentinamunicipal.com.ar\/argentina\/?p=59209"},"modified":"2017-02-10T07:07:38","modified_gmt":"2017-02-10T10:07:38","slug":"protestas-represion-detenciones","status":"publish","type":"post","link":"http:\/\/argentinamunicipal.com.ar\/argentina\/protestas-represion-detenciones\/","title":{"rendered":"Protestas, represi\u00f3n y detenciones"},"content":{"rendered":"<p>\u201cNo nos quer\u00edan en la calle mientras Macri anduviera por ac\u00e1\u201d, explic\u00f3 el titular de ATE-R\u00edo Negro, Rodolfo Aguiar, quien fue detenido junto a otro estatal. Denunci\u00f3 que fueron objeto de un operativo policial \u201csalvaje y desproporcionado\u201d.<\/p>\n<p>\u201cEn esta provincia, si sos pol\u00edtico o juez o empresario pod\u00e9s violar, matar, traficar droga que no te va a pasar nada, pero si sos trabajador y decid\u00eds reclamar en la calle por tus derechos, vas a ir preso\u201d, denunci\u00f3 el titular de ATE-R\u00edo Negro, Rodolfo Aguiar, al cierre de la tarde de ayer, momentos despu\u00e9s de ser liberado. Hab\u00eda sido detenido antes del mediod\u00eda junto a un militante del mismo gremio por la polic\u00eda provincial, en un operativo \u201cdesproporcionado y salvaje\u201d, cuando intentaban traspasar las vallas con las que fue cercado el centro de la ciudad de Viedma mientras el presidente Mauricio Macri, funcionarios rionegrinos y gobernadores patag\u00f3nicos manten\u00edan una reuni\u00f3n en un edificio oficial de la capital provincial. \u201cQuer\u00edamos reunirnos en la plaza del centro con otras organizaciones para reclamarle al Presidente que cese con la pol\u00edtica de hambre a la que est\u00e1 sometiendo a todo el pa\u00eds. Se ve que no nos quer\u00edan en la calle mientras Macri anduviera por ac\u00e1\u201d, analiz\u00f3 en di\u00e1logo con \u00a0 \u00a0 \u00a0 \u00a0 \u00a0P\u00e1ginaI12. Agradeci\u00f3 la \u201csolidaridad y los reclamos que llegaron desde diferentes sectores\u201d no solo gremiales, sino tambi\u00e9n pol\u00edticos para que los liberaran y les atribuy\u00f3 que su detenci\u00f3n no se prolongara en el tiempo.<\/p>\n<p>Los trabajadores estatales de R\u00edo Negro organizaron una jornada de protesta en la capital provincial a prop\u00f3sito de la visita del primer mandatario, que viaj\u00f3 para presentar el Proyecto Patagonia, un plan de infraestructura para esa regi\u00f3n. \u201cQuer\u00edamos que \u00e9l escuchara todo lo que estamos sufriendo los rionegrinos por las pol\u00edticas de ajuste que est\u00e1 aplicando su gobierno\u201d, explic\u00f3 Aguiar. La primera medida comenz\u00f3 pasadas las 6 de la ma\u00f1ana y consisti\u00f3 en bloquear las rutas de ingresos y egresos del aeropuerto de la capital provincial. Los cortes fueron levantados luego de que el ministro de Gobierno, Luis Di Gi\u00e1como, que encabezaba la caravana de funcionarios provinciales y nacionales y gobernadores patag\u00f3nicos que part\u00eda del aeropuerto, se comprometiera a llevarle a Macri los reclamos de los trabajadores. \u201cQuer\u00edamos que supiera de nuestra boca lo que pensamos de ese plan que vino a presentar, que para \u00e9l es Proyecto Patagonia y para nosotros es Entrega de la Patagonia, porque bajo la fachada del desarrollo y la infraestructura avala pol\u00edticas y normativas que permiten el saqueo de nuestros recursos naturales y la entrega de tierras a empresarios extranjeros mientras los trabajadores no tienen posibilidad de acceder a terreno ni vivienda digna. Quer\u00edamos decirle que no entend\u00edamos su visita como para ser celebrada\u201d, apunt\u00f3 Aguiar.<\/p>\n<p>A media ma\u00f1ana, los manifestantes abandonaron la ruta y se dirigieron a la Plaza San Mart\u00edn, en el centro de la capital provincial y frente a la residencia de los Gobernadores, donde el jefe de Estado concret\u00f3 el encuentro con los mandatarios de las provincias de Neuqu\u00e9n, Omar Guti\u00e9rrez; Chubut, Mario Das Neves; Santa Cruz, Alicia Kirchner; Tierra del Fuego, Rosana Bertone, y La Pampa, Carlos Verna, adem\u00e1s de las autoridades de R\u00edo Negro. Tambi\u00e9n participaron el jefe de Gabinete, Marcos Pe\u00f1a; y su segundo en ese organismo, Mario Quintana. All\u00ed, en la calle, los estatales ten\u00edan pensado continuar su protesta junto a otros gremios. Pero \u201ctoda la ciudad estaba vallada, ped\u00edan documentos y requisaban las pertenencias incluso a la gente que deb\u00eda cruzarlas para llegar a su trabajo\u201d, cont\u00f3 el dirigente gremial. Cuando se encontraron con las vallas, decidieron saltarlas, porque \u201cla Polic\u00eda no dejaba pasar a nadie con pecheras de ning\u00fan gremio\u201d.<\/p>\n<p>Entonces, los detuvieron a \u00e9l y a Milton Ciocca, delegado de Educaci\u00f3n. \u201cFue un operativo policial desproporcionado y salvaje. Nos detuvieron con una violencia que excede cualquier tipo de protocolo\u201d, cont\u00f3 el dirigente. Fueron alojados primero en la comisar\u00eda 30, en el popular Barrio Guido, pero \u201ccomo los compa\u00f1eros de ATE comenzaron un acampe\u201d para exigir su libertad \u201clos polic\u00edas temieron que los vecinos del barrio se acoplen al pedido\u201d as\u00ed que fueron trasladados a la comisar\u00eda 1, que est\u00e1 en el centro de Viedma.<\/p>\n<p>Durante el transcurso del d\u00eda, llegaron varias muestras de solidaridad y pedidos de liberaci\u00f3n desde diferentes sedes de ATE de todo el pa\u00eds e incluso de las diferentes vertientes de la CTA. Aguiar destac\u00f3 esas \u201cinmediatas\u201d expresiones, las que entendi\u00f3 como \u201clo que permiti\u00f3 que las detenciones no se extendieran a lo largo del tiempo\u201d.<\/p>\n<p>Fueron liberados luego de que funcionarios judiciales les tomaran declaraci\u00f3n. \u201cNo pod\u00edan justificar nuestra detenci\u00f3n as\u00ed que nos armaron una causa. Varios polic\u00edas declararon que los hab\u00edamos lesionado\u201d, detall\u00f3 Aguiar. Los acusan de da\u00f1os agravados, resistencia a la autoridad y atentado en banda. El expediente qued\u00f3 a cargo del juez de Instrucci\u00f3n Carlos Mussi, quien les asegur\u00f3 a los dirigentes gremiales que \u201cva a tomar como prueba todos los registros fotogr\u00e1ficos y de video que muestran que no hicimos nada m\u00e1s que saltar una valla\u201d, cont\u00f3 Aguiar, y culmin\u00f3: \u201cNos detuvieron porque no nos quer\u00edan en la calle mientras Macri anduviera por ac\u00e1\u201d.<\/p>\n<h6>Fuente: P\u00e1gina 12<\/h6>\n","protected":false},"excerpt":{"rendered":"<p>\u201cNo nos quer\u00edan en la calle mientras Macri anduviera por ac\u00e1\u201d, explic\u00f3 el titular de ATE-R\u00edo Negro, Rodolfo Aguiar, quien fue detenido junto a otro estatal. Denunci\u00f3 que fueron objeto de un operativo policial \u201csalvaje y desproporcionado\u201d.<\/p>\n","protected":false},"author":2,"featured_media":59210,"comment_status":"closed","ping_status":"closed","sticky":false,"template":"","format":"standard","meta":{"footnotes":""},"categories":[8],"tags":[21],"class_list":["post-59209","post","type-post","status-publish","format-standard","has-post-thumbnail","hentry","category-informe-nacional","tag-argentina"],"_links":{"self":[{"href":"http:\/\/argentinamunicipal.com.ar\/argentina\/wp-json\/wp\/v2\/posts\/59209","targetHints":{"allow":["GET"]}}],"collection":[{"href":"http:\/\/argentinamunicipal.com.ar\/argentina\/wp-json\/wp\/v2\/posts"}],"about":[{"href":"http:\/\/argentinamunicipal.com.ar\/argentina\/wp-json\/wp\/v2\/types\/post"}],"author":[{"embeddable":true,"href":"http:\/\/argentinamunicipal.com.ar\/argentina\/wp-json\/wp\/v2\/users\/2"}],"replies":[{"embeddable":true,"href":"http:\/\/argentinamunicipal.com.ar\/argentina\/wp-json\/wp\/v2\/comments?post=59209"}],"version-history":[{"count":0,"href":"http:\/\/argentinamunicipal.com.ar\/argentina\/wp-json\/wp\/v2\/posts\/59209\/revisions"}],"wp:featuredmedia":[{"embeddable":true,"href":"http:\/\/argentinamunicipal.com.ar\/argentina\/wp-json\/wp\/v2\/media\/59210"}],"wp:attachment":[{"href":"http:\/\/argentinamunicipal.com.ar\/argentina\/wp-json\/wp\/v2\/media?parent=59209"}],"wp:term":[{"taxonomy":"category","embeddable":true,"href":"http:\/\/argentinamunicipal.com.ar\/argentina\/wp-json\/wp\/v2\/categories?post=59209"},{"taxonomy":"post_tag","embeddable":true,"href":"http:\/\/argentinamunicipal.com.ar\/argentina\/wp-json\/wp\/v2\/tags?post=59209"}],"curies":[{"name":"wp","href":"https:\/\/api.w.org\/{rel}","templated":true}]}}