{"id":59212,"date":"2017-02-10T07:11:10","date_gmt":"2017-02-10T10:11:10","guid":{"rendered":"http:\/\/argentinamunicipal.com.ar\/argentina\/?p=59212"},"modified":"2017-02-10T07:11:10","modified_gmt":"2017-02-10T10:11:10","slug":"cerraron-6-mil-pymes-pais-plan-sistematico-destruccion-del-mercado-interno","status":"publish","type":"post","link":"http:\/\/argentinamunicipal.com.ar\/argentina\/cerraron-6-mil-pymes-pais-plan-sistematico-destruccion-del-mercado-interno\/","title":{"rendered":"Cerraron 6 mil Pymes en todo el pa\u00eds: \u201cHay un plan sistem\u00e1tico de destrucci\u00f3n del mercado interno\u201d"},"content":{"rendered":"<p>La situaci\u00f3n de las Peque\u00f1as y Medianas Empresas no mejora y desde fin del a\u00f1o pasado se conformaron en un frente productivo junto a organizaciones gremiales para \u201cdefender el trabajo\u201d. El primer encuentro fue en Mor\u00f3n y el pr\u00f3ximo ser\u00e1 el 15 de marzo en Lan\u00fas.<\/p>\n<p>\u201cLos aumentos tarifarios, la inflaci\u00f3n y la apertura indiscriminada de las importaciones son un combo que destruy\u00f3 a las Pymes\u201d, manifest\u00f3 el presidente de Asociaci\u00f3n Pyme (Apyme), Daniel Moreira, quien asegur\u00f3 que a partir del cambio de gobierno \u201cse implement\u00f3 un plan sistem\u00e1tico de destrucci\u00f3n del mercado interno, que para las pymes ha sido una ca\u00edda brutal de ventas\u201d.<\/p>\n<p>En di\u00e1logo con Qm Noticias, el empresario se\u00f1al\u00f3 que ya han cerrado 6 mil pymes, por lo que debieron organizarse y comenzar a relacionarse con organizaciones de trabajadores, como la CGT y la CTA, para \u201cdefender el trabajo\u201d y \u201cpoder llevar un plato de comida a la mesa\u201d.<\/p>\n<p>El primer encuentro del frente productivo conformado por las peque\u00f1as y medianas empresas y los gremios se realiz\u00f3 en Mor\u00f3n y el pr\u00f3ximo tendr\u00e1 lugar en Lan\u00fas el 15 de marzo.<\/p>\n<h6>Fuente: InfoCielo<\/h6>\n","protected":false},"excerpt":{"rendered":"<p>La situaci\u00f3n de las Peque\u00f1as y Medianas Empresas no mejora y desde fin del a\u00f1o pasado se conformaron en un frente productivo junto a organizaciones gremiales para \u201cdefender el trabajo\u201d. <\/p>\n","protected":false},"author":2,"featured_media":59213,"comment_status":"closed","ping_status":"closed","sticky":false,"template":"","format":"standard","meta":{"footnotes":""},"categories":[8],"tags":[21],"class_list":["post-59212","post","type-post","status-publish","format-standard","has-post-thumbnail","hentry","category-informe-nacional","tag-argentina"],"_links":{"self":[{"href":"http:\/\/argentinamunicipal.com.ar\/argentina\/wp-json\/wp\/v2\/posts\/59212","targetHints":{"allow":["GET"]}}],"collection":[{"href":"http:\/\/argentinamunicipal.com.ar\/argentina\/wp-json\/wp\/v2\/posts"}],"about":[{"href":"http:\/\/argentinamunicipal.com.ar\/argentina\/wp-json\/wp\/v2\/types\/post"}],"author":[{"embeddable":true,"href":"http:\/\/argentinamunicipal.com.ar\/argentina\/wp-json\/wp\/v2\/users\/2"}],"replies":[{"embeddable":true,"href":"http:\/\/argentinamunicipal.com.ar\/argentina\/wp-json\/wp\/v2\/comments?post=59212"}],"version-history":[{"count":0,"href":"http:\/\/argentinamunicipal.com.ar\/argentina\/wp-json\/wp\/v2\/posts\/59212\/revisions"}],"wp:featuredmedia":[{"embeddable":true,"href":"http:\/\/argentinamunicipal.com.ar\/argentina\/wp-json\/wp\/v2\/media\/59213"}],"wp:attachment":[{"href":"http:\/\/argentinamunicipal.com.ar\/argentina\/wp-json\/wp\/v2\/media?parent=59212"}],"wp:term":[{"taxonomy":"category","embeddable":true,"href":"http:\/\/argentinamunicipal.com.ar\/argentina\/wp-json\/wp\/v2\/categories?post=59212"},{"taxonomy":"post_tag","embeddable":true,"href":"http:\/\/argentinamunicipal.com.ar\/argentina\/wp-json\/wp\/v2\/tags?post=59212"}],"curies":[{"name":"wp","href":"https:\/\/api.w.org\/{rel}","templated":true}]}}