{"id":59215,"date":"2017-02-10T06:11:44","date_gmt":"2017-02-10T09:11:44","guid":{"rendered":"http:\/\/argentinamunicipal.com.ar\/argentina\/?p=59215"},"modified":"2017-02-10T07:15:48","modified_gmt":"2017-02-10T10:15:48","slug":"mas-poder-las-empresas","status":"publish","type":"post","link":"http:\/\/argentinamunicipal.com.ar\/argentina\/mas-poder-las-empresas\/","title":{"rendered":"\u201cM\u00e1s poder para las empresas\u201d"},"content":{"rendered":"<p>Agrupaciones socioambientales y acad\u00e9micas denuncian que la nueva norma hace posible avanzar sobre el escaso monte nativo que queda en la provincia de Buenos Aires y permite a la empresa Techint un megaemprendimiento inmobiliario. Caputo y Rocca, otros favorecidos.<\/p>\n<p>\u201cLos diputados cambian bosques por inundaciones con la \u2018Ley Techint\u2019 en Buenos Aires\u201d, explica el documento de medio centenar de organizaciones sociales, donde denuncian la aprobaci\u00f3n de una ley de bosques que hace posible avanzar sobre el escaso monte nativo que a\u00fan queda en la provincia y permite a la empresa Techint un megaemprendimiento inmobiliario. Fue apoyada por todos los bloques mayoritarios y promulgada por la gobernadora Mar\u00eda Eugenia Vidal. Las organizaciones socioambientales y acad\u00e9micas denuncian el lobby de las inmobiliarias, constructoras y sectores agroforestales. Precisaron que Buenos Aires tiene s\u00f3lo un tres por ciento de bosques y alertaron: \u201cMenos bosques, m\u00e1s inundaci\u00f3n\u201d.<\/p>\n<p>Buenos Aires era la \u00fanica provincia que no contaba con una norma espec\u00edfica (exigida en el marco de la Ley Nacional de Bosques 26.331, sancionada en 2007). Cada provincia deb\u00eda aprobar, con participaci\u00f3n ciudadana, el \u201cordenamiento territorial\u201d, un mapa de tres colores: verde (se puede desmontar), amarillo (se puede hacer uso restringido, con audiencias y estudios t\u00e9cnicos) y rojo (debe protegerse).<\/p>\n<p>Desde 2009 (cuando se promulg\u00f3 la ley nacional), las organizaciones socioambientales de Buenos Aires impulsan una norma provincial que proteja los bosques. En mayo de 2015, la C\u00e1mara de Senadores dio media sanci\u00f3n al proyecto de ley que flexibiliz\u00f3 la legislaci\u00f3n nacional, omiti\u00f3 todas las recomendaciones de organizaciones y acad\u00e9micos, y fue en sinton\u00eda con los pedidos empresarios. A fines de 2016, a las 23.30 del 21 de diciembre, la C\u00e1mara de Diputados vot\u00f3 y dio sanci\u00f3n a la Ley de Bosques Nativos (14.888). El 15 de enero, la gobernadora Vidal firm\u00f3 la promulgaci\u00f3n (resta la reglamentaci\u00f3n).<\/p>\n<p>\u201cLlevamos propuestas, informes t\u00e9cnicos, participamos, dialogamos con legisladores, pero s\u00f3lo les import\u00f3 la opini\u00f3n del sector empresario\u201d, denunci\u00f3 Noelia Calefato, de la Asamblea de Vecinos de Quilmes-Avellaneda. Resalta que los bloques de Cambiemos y Frente Renovador votaron por unanimidad la ley, y tambi\u00e9n la mayor\u00eda del Frente para la Victoria y el Partido Justicialista.<\/p>\n<p>M\u00e1s de 50 organizaciones emitieron un documento: \u201cEsta ley dice proteger los bosques nativos, pero en su lugar los entrega \u00a0a empresas privadas, preparando la provincia para un nuevo crimen social\u201d. Mencionaron al menos a tres empresas favorecidas: la constructora Grupo Caputo (familiares del presidente Macri), Eduardo Constantini (due\u00f1o de la compa\u00f1\u00eda Consultatio, la desarrolladora de Nordelta y el museo Malba) y Techint (con el emprendimiento Nueva Costa del Plata, una suerte de Puerto Madero en Quilmes-Avellaneda, que hab\u00eda sido frenado judicialmente).<\/p>\n<p>Desde 2014, las organizaciones denuncian el proyecto de ley de bosques de Buenos Aires por \u201cinconstitucional, regresivo y peligrosamente permisivo\u201d. Objetaron sobre todos los art\u00edculos 5, 8, 11 y 12. En ellos se relativiza la definici\u00f3n de bosques, deja zonas grises para que la autoridad de aplicaci\u00f3n permita categorizaci\u00f3n y desmontes, reduce la protecci\u00f3n en las zonas rojas (que, seg\u00fan la ley nacional, s\u00f3lo pueden ser espacio de comunidades ind\u00edgenas y objeto de investigaci\u00f3n cient\u00edfica), y permite (en zonas rojas y amarillas, de protecci\u00f3n), obras p\u00fablicas y de infraestructura (con desmonte).<\/p>\n<p>Muy gr\u00e1fica es la imagen de dos mapas del ordenamiento. En el mapa presentado por la gobernaci\u00f3n en julio de 2013 se muestran en colores las zonas a proteger (costas ribere\u00f1as) y el sur de la provincia. El otro, el mapa aprobado, no tiene casi ninguna zona roja (de protecci\u00f3n) y escasas en amarillo (con uso restringido).<\/p>\n<p>Entre las zonas afectadas est\u00e1n Berazategui (con countries en construcci\u00f3n sobre bosques y humedales), desde San Fernando hasta el municipio de Berisso (con la extensi\u00f3n del puerto de La Plata), los talares en la Bah\u00eda de Samboromb\u00f3n y Punta Indio (al este de la provincia), bosques de caldenal en el sur de la provincia y bosques ribere\u00f1os a lo largo de toda la costa del R\u00edo de La Plata.<\/p>\n<p>El Organismo Provincial para el Desarrollo Sostenible (OPDS) celebr\u00f3 en su sitio web la aprobaci\u00f3n de la ley y prometi\u00f3 que se proteger\u00e1n 970.000 hect\u00e1reas, s\u00f3lo el tres por ciento de la superficie de la provincia. Desde la Coordinadora por los Bosques Nativos de Buenos Aires afirman que, nueva ley mediante, ese tres por ciento se ver\u00e1 a\u00fan m\u00e1s reducido en poco tiempo.<\/p>\n<p>La Red Socio-Ambiental Regional, el Foro Regional en Defensa del R\u00edo de La Plata, la Asamblea No a la Entrega de la Costa Quilmes-Avellaneda, Inundados La Plata, Serpaj (Servicio de Paz y Justicia), Espacios Intercuencas, CTA Aut\u00f3noma, Salvemos el Monte de Berisso, Parque Recreativo Los Hornos, Movimiento Popular La Dignidad, COA Reserva de Bernal, Centro Cultural Tonkiri, Foro H\u00eddrico de Lomas de Zamora y Foro H\u00eddrico de Lan\u00fas, entre otras, son las organizaciones movilizadas y en reclamo por la nueva ley bonaerense. \u201cLes da a las empresas m\u00e1s poder sobre nuestros territorios, y las consecuencias las paga toda la sociedad. No proteger los bosques traer\u00e1 m\u00e1s inundaciones\u201d, alertaron.<\/p>\n<p>El 16 de enero se movilizaron al Ministerio de Ambiente de la Naci\u00f3n y le exigieron al ministro Sergio Bergman que intervenga porque la ley provincial \u201cest\u00e1 por debajo de los par\u00e1metros que determina la legislaci\u00f3n nacional de bosques, por lo cual es inconstitucional\u201d. Tambi\u00e9n le recordaron que no se respet\u00f3 la participaci\u00f3n ciudadana (como establece el art\u00edculo 6 de la ley nacional). Ni el ministro Bergman ni otro funcionario los recibi\u00f3.<\/p>\n<h6>Fuente: P\u00e1gina 12<\/h6>\n","protected":false},"excerpt":{"rendered":"<p>Agrupaciones socioambientales y acad\u00e9micas denuncian que la nueva norma hace posible avanzar sobre el escaso monte nativo que queda en la provincia de Buenos Aires y permite a la empresa Techint un megaemprendimiento inmobiliario. Caputo y Rocca, otros favorecidos.<\/p>\n","protected":false},"author":2,"featured_media":59216,"comment_status":"closed","ping_status":"closed","sticky":false,"template":"","format":"standard","meta":{"footnotes":""},"categories":[8],"tags":[21],"class_list":["post-59215","post","type-post","status-publish","format-standard","has-post-thumbnail","hentry","category-informe-nacional","tag-argentina"],"_links":{"self":[{"href":"http:\/\/argentinamunicipal.com.ar\/argentina\/wp-json\/wp\/v2\/posts\/59215","targetHints":{"allow":["GET"]}}],"collection":[{"href":"http:\/\/argentinamunicipal.com.ar\/argentina\/wp-json\/wp\/v2\/posts"}],"about":[{"href":"http:\/\/argentinamunicipal.com.ar\/argentina\/wp-json\/wp\/v2\/types\/post"}],"author":[{"embeddable":true,"href":"http:\/\/argentinamunicipal.com.ar\/argentina\/wp-json\/wp\/v2\/users\/2"}],"replies":[{"embeddable":true,"href":"http:\/\/argentinamunicipal.com.ar\/argentina\/wp-json\/wp\/v2\/comments?post=59215"}],"version-history":[{"count":0,"href":"http:\/\/argentinamunicipal.com.ar\/argentina\/wp-json\/wp\/v2\/posts\/59215\/revisions"}],"wp:featuredmedia":[{"embeddable":true,"href":"http:\/\/argentinamunicipal.com.ar\/argentina\/wp-json\/wp\/v2\/media\/59216"}],"wp:attachment":[{"href":"http:\/\/argentinamunicipal.com.ar\/argentina\/wp-json\/wp\/v2\/media?parent=59215"}],"wp:term":[{"taxonomy":"category","embeddable":true,"href":"http:\/\/argentinamunicipal.com.ar\/argentina\/wp-json\/wp\/v2\/categories?post=59215"},{"taxonomy":"post_tag","embeddable":true,"href":"http:\/\/argentinamunicipal.com.ar\/argentina\/wp-json\/wp\/v2\/tags?post=59215"}],"curies":[{"name":"wp","href":"https:\/\/api.w.org\/{rel}","templated":true}]}}