{"id":59239,"date":"2017-02-10T08:29:10","date_gmt":"2017-02-10T11:29:10","guid":{"rendered":"http:\/\/argentinamunicipal.com.ar\/argentina\/?p=59239"},"modified":"2017-02-10T08:29:10","modified_gmt":"2017-02-10T11:29:10","slug":"2016-la-argentina-fue-pais-mayor-perdida-poder-adquisitivo-los-trabajadores-la-region","status":"publish","type":"post","link":"http:\/\/argentinamunicipal.com.ar\/argentina\/2016-la-argentina-fue-pais-mayor-perdida-poder-adquisitivo-los-trabajadores-la-region\/","title":{"rendered":"En 2016, la Argentina fue el pa\u00eds con mayor p\u00e9rdida de poder adquisitivo entre los trabajadores de la regi\u00f3n"},"content":{"rendered":"<p>Los datos surgen de un estudio realizado por la Universidad Nacional de Avellaneda, en donde se compar\u00f3 al pa\u00eds con Brasil, Uruguay, Paraguay, Bolivia y Per\u00fa.<\/p>\n<p>La Argentina fue el pa\u00eds que m\u00e1s redujo el poder de compra del salario m\u00ednimo, vital y m\u00f3vil en 2016 en la regi\u00f3n, seg\u00fan revel\u00f3 un estudio de la Universidad Nacional de Avellaneda realizado entre diciembre de 2015 y el \u00faltimo mes del a\u00f1o pasado.<\/p>\n<p>El salario m\u00ednimo de los trabajadores argentinos sufri\u00f3 una ca\u00edda del 15% en su capacidad de compra, sostiene el trabajo coordinado por el licenciado Santiago Fraschina. Las ca\u00eddas m\u00e1s importantes se observaron en los alimentos a los que se les quitaron subsidios o retenciones a las exportaciones, como aceite de girasol (-53%) y harina de trigo (-43%)<\/p>\n<p>En la investigaci\u00f3n se compararon los casos de Argentina, Brasil, Uruguay, Paraguay, Bolivia y Per\u00fa; donde se estudiaron los niveles salariales y de precios.<\/p>\n<p>Entre los principales motivos del deterioro salarial en nuestro pa\u00eds estuvieron la elevada inflaci\u00f3n, por encima del 40% anual, y el escaso incremento salarial.<\/p>\n<p>\u00abEn el mercado de trabajo los cambios impactaron en la tasa de desocupaci\u00f3n, cuya elevaci\u00f3n signific\u00f3 una barrera para mayores aumentos. No obstante, se verific\u00f3 una importante dispersi\u00f3n en los incrementos salariales de acuerdo a la correlaci\u00f3n de fuerzas con la patronal que mantiene cada gremio\u00bb, reconoce el informe.<\/p>\n<h6>Fuente: InfoNews<\/h6>\n","protected":false},"excerpt":{"rendered":"<p>Los datos surgen de un estudio realizado por la Universidad Nacional de Avellaneda, en donde se compar\u00f3 al pa\u00eds con Brasil, Uruguay, Paraguay, Bolivia y Per\u00fa. <\/p>\n","protected":false},"author":2,"featured_media":59240,"comment_status":"closed","ping_status":"closed","sticky":false,"template":"","format":"standard","meta":{"footnotes":""},"categories":[8],"tags":[21],"class_list":["post-59239","post","type-post","status-publish","format-standard","has-post-thumbnail","hentry","category-informe-nacional","tag-argentina"],"_links":{"self":[{"href":"http:\/\/argentinamunicipal.com.ar\/argentina\/wp-json\/wp\/v2\/posts\/59239","targetHints":{"allow":["GET"]}}],"collection":[{"href":"http:\/\/argentinamunicipal.com.ar\/argentina\/wp-json\/wp\/v2\/posts"}],"about":[{"href":"http:\/\/argentinamunicipal.com.ar\/argentina\/wp-json\/wp\/v2\/types\/post"}],"author":[{"embeddable":true,"href":"http:\/\/argentinamunicipal.com.ar\/argentina\/wp-json\/wp\/v2\/users\/2"}],"replies":[{"embeddable":true,"href":"http:\/\/argentinamunicipal.com.ar\/argentina\/wp-json\/wp\/v2\/comments?post=59239"}],"version-history":[{"count":0,"href":"http:\/\/argentinamunicipal.com.ar\/argentina\/wp-json\/wp\/v2\/posts\/59239\/revisions"}],"wp:featuredmedia":[{"embeddable":true,"href":"http:\/\/argentinamunicipal.com.ar\/argentina\/wp-json\/wp\/v2\/media\/59240"}],"wp:attachment":[{"href":"http:\/\/argentinamunicipal.com.ar\/argentina\/wp-json\/wp\/v2\/media?parent=59239"}],"wp:term":[{"taxonomy":"category","embeddable":true,"href":"http:\/\/argentinamunicipal.com.ar\/argentina\/wp-json\/wp\/v2\/categories?post=59239"},{"taxonomy":"post_tag","embeddable":true,"href":"http:\/\/argentinamunicipal.com.ar\/argentina\/wp-json\/wp\/v2\/tags?post=59239"}],"curies":[{"name":"wp","href":"https:\/\/api.w.org\/{rel}","templated":true}]}}