{"id":59314,"date":"2017-02-13T06:12:54","date_gmt":"2017-02-13T09:12:54","guid":{"rendered":"http:\/\/argentinamunicipal.com.ar\/argentina\/?p=59314"},"modified":"2017-02-13T08:16:09","modified_gmt":"2017-02-13T11:16:09","slug":"la-precarizacion-laboral-afecta-79-millones-argentinos","status":"publish","type":"post","link":"http:\/\/argentinamunicipal.com.ar\/argentina\/la-precarizacion-laboral-afecta-79-millones-argentinos\/","title":{"rendered":"La precarizaci\u00f3n laboral afecta a 7,9 millones de argentinos"},"content":{"rendered":"<p>Cuatro de cada diez ocupados desarrollan su actividad de trabajo en condiciones informales. As\u00ed lo consigna un informe del IERAL, de la Fundaci\u00f3n Mediterr\u00e1nea<\/p>\n<p>En la Argentina cuatro de cada diez ocupados desarrollan su actividad de trabajo en condiciones informales y con altas dosis de precarizaci\u00f3n, que alcanza a 7,9 millones de personas.<\/p>\n<p>As\u00ed lo consignaron los economistas Marcelo Capello, Gerardo Garc\u00eda Oro y Laura Caullo en un informe del Instituto de Estudios sobre la Realidad Argentina y Latinoamericana (IERAL) de la Fundaci\u00f3n Mediterr\u00e1nea en el que se\u00f1alaron adem\u00e1s que 1,7 millones personas est\u00e1n desocupadas porque \u00abprocuran un empleo y no logran conseguirlo\u00bb.<\/p>\n<p>\u00abPr\u00e1cticamente la mitad de la poblaci\u00f3n econ\u00f3micamente activa (47,8%) enfrenta serios inconvenientes de empleo (9,6 millones de personas)\u00bb, manifestaron los especialistas.<\/p>\n<p>En tanto, se\u00f1alaron que hay 984 mil j\u00f3venes de entre 14 y 24 a\u00f1os de edad que no estudian, no trabajan, ni buscan trabajo y manifestaron que esta incidencia \u00abse fue incrementando desde el a\u00f1o 2003\u00bb.<\/p>\n<p>\u00abHay que destacar que siete de cada diez de estos j\u00f3venes son mujeres y el 62 por ciento habita en hogares en condici\u00f3n de pobreza\u00bb, dijeron los economistas.<\/p>\n<p>En este marco, explicaron que \u00abla combinaci\u00f3n de entornos laborales escasamente inclusivos y una baja productividad promedio del empleo frente a un contexto de altos costos laborales y una excesiva carga tributaria acaban condicionando las oportunidades de formalizaci\u00f3n y creaci\u00f3n de empleos de calidad\u00bb.<\/p>\n<p>\u00abEs entonces insuficiente intentar resolver esta problem\u00e1tica \u00fanicamente con una estrategia de reducci\u00f3n del costo laboral de contrataci\u00f3n\u00bb, analizaron.<\/p>\n<p>El abordaje de estas situaciones, para los analistas de la Fundaci\u00f3n Mediterr\u00e1nea \u00abrequiere una perspectiva integral que combine pol\u00edticas focalizadas sobre las principales afecciones que caracterizan la realidad de cada segmento vulnerable\u00bb.<\/p>\n<p>\u00abEn particular, es posible combinar estrategias de promoci\u00f3n del primer empleo entre j\u00f3venes con una din\u00e1mica de aprendizaje de oficios y entrenamiento laboral\u00bb, indicaron.<\/p>\n<h6>Fuente: Tucum\u00e1n Hoy<\/h6>\n","protected":false},"excerpt":{"rendered":"<p>Cuatro de cada diez ocupados desarrollan su actividad de trabajo en condiciones informales. As\u00ed lo consigna un informe del IERAL, de la Fundaci\u00f3n Mediterr\u00e1nea<\/p>\n","protected":false},"author":2,"featured_media":59315,"comment_status":"closed","ping_status":"closed","sticky":false,"template":"","format":"standard","meta":{"footnotes":""},"categories":[8],"tags":[21],"class_list":["post-59314","post","type-post","status-publish","format-standard","has-post-thumbnail","hentry","category-informe-nacional","tag-argentina"],"_links":{"self":[{"href":"http:\/\/argentinamunicipal.com.ar\/argentina\/wp-json\/wp\/v2\/posts\/59314","targetHints":{"allow":["GET"]}}],"collection":[{"href":"http:\/\/argentinamunicipal.com.ar\/argentina\/wp-json\/wp\/v2\/posts"}],"about":[{"href":"http:\/\/argentinamunicipal.com.ar\/argentina\/wp-json\/wp\/v2\/types\/post"}],"author":[{"embeddable":true,"href":"http:\/\/argentinamunicipal.com.ar\/argentina\/wp-json\/wp\/v2\/users\/2"}],"replies":[{"embeddable":true,"href":"http:\/\/argentinamunicipal.com.ar\/argentina\/wp-json\/wp\/v2\/comments?post=59314"}],"version-history":[{"count":0,"href":"http:\/\/argentinamunicipal.com.ar\/argentina\/wp-json\/wp\/v2\/posts\/59314\/revisions"}],"wp:featuredmedia":[{"embeddable":true,"href":"http:\/\/argentinamunicipal.com.ar\/argentina\/wp-json\/wp\/v2\/media\/59315"}],"wp:attachment":[{"href":"http:\/\/argentinamunicipal.com.ar\/argentina\/wp-json\/wp\/v2\/media?parent=59314"}],"wp:term":[{"taxonomy":"category","embeddable":true,"href":"http:\/\/argentinamunicipal.com.ar\/argentina\/wp-json\/wp\/v2\/categories?post=59314"},{"taxonomy":"post_tag","embeddable":true,"href":"http:\/\/argentinamunicipal.com.ar\/argentina\/wp-json\/wp\/v2\/tags?post=59314"}],"curies":[{"name":"wp","href":"https:\/\/api.w.org\/{rel}","templated":true}]}}