{"id":59362,"date":"2017-02-14T06:02:39","date_gmt":"2017-02-14T09:02:39","guid":{"rendered":"http:\/\/argentinamunicipal.com.ar\/argentina\/?p=59362"},"modified":"2017-02-14T08:04:15","modified_gmt":"2017-02-14T11:04:15","slug":"piden-investigar-irregularidades-contrataciones-hechas-ministerio-conduce-bergman","status":"publish","type":"post","link":"http:\/\/argentinamunicipal.com.ar\/argentina\/piden-investigar-irregularidades-contrataciones-hechas-ministerio-conduce-bergman\/","title":{"rendered":"Piden investigar irregularidades en contrataciones hechas por el ministerio que conduce Bergman"},"content":{"rendered":"<p>Lo solicit\u00f3 el fiscal federal Federico Delgado. Se trata de supuestos il\u00edcitos que se habr\u00edan cometido en contrataciones varias en el marco de procesos de licitaci\u00f3n p\u00fablica desde el Ministerio de Ambiente de la Naci\u00f3n.<\/p>\n<p>El fiscal federal Federico Delgado pidi\u00f3 investigar irregularidades que se habr\u00edan cometido en contrataciones varias en el marco de procesos de licitaci\u00f3n p\u00fablica desde el Ministerio de Ambiente de la Naci\u00f3n que conduce Sergio Bergman, entre ellas los helic\u00f3pteros para combatir el fuego que azot\u00f3 varias zonas del pa\u00eds semanas atr\u00e1s.<\/p>\n<p>Fuentes judiciales informaron a NA que la fiscal\u00eda impuls\u00f3 la denuncia hecha por el abogado Santiago Dupuy De Lome, por la contrataci\u00f3n en forma directa que habr\u00eda habido en favor de la empresa \u00abAir En Services\u00bb, sede local de la internacional TAF Helicopters.<\/p>\n<p>Seg\u00fan la denuncia, el 23 de noviembre pasado el Jefe de Gabinete del Ministerio de Ambiente de la Naci\u00f3n, Patricia Holzman, inform\u00f3 mediante nota a la empresa \u00abAir En Services\u00bb, sede local de la internacional TAF Helicopters, sobre la aprobaci\u00f3n de su oferta bajo la modalidad de leg\u00edtimo abono para el alquiler de helic\u00f3pteros destinados a cubrir el plan del fuego.<\/p>\n<p>Ello habr\u00eda tenido lugar mientras estaba en curso una licitaci\u00f3n p\u00fablica y pese a que aquella firma no contaba con la correspondiente autorizaic\u00f3n de la Administraci\u00f3n Nacional de Aviaci\u00f3n Civil Argentina (ANAC). Incluso, el 20 de diciembre pasado, se dej\u00f3 sin efecto la licitaci\u00f3n publica rechaz\u00e1ndose al menos cinco ofertas, entre ellas la que hab\u00eda hecho la propia \u00abAir En Services\u00bb.<\/p>\n<p>Pero luego bajo contrataci\u00f3n directa finalmente se alquil\u00f3 helic\u00f3pteros de la firma \u00abAir En Services\u00bb. La fiscal\u00eda propuso como medida de prueba al juez Rodolfo Canicoba Corral que se pida toda la documentaci\u00f3n sobre el proceso de licitaci\u00f3n que existi\u00f3 en el Plan Nacional de Manejo del Fuego, as\u00ed como las comunicaciones que existieron entre los funcionarios y quienes representan los intereses de la firma TAF.<\/p>\n<p>Por \u00faltimo que se pida informaci\u00f3n societaria a la Inspecci\u00f3n General de Justicia y documentaci\u00f3n sobre la empresa a la ANAC. \u00abResulta necesario evaluar la esgructura administrativa de stos procesos a trav\u00e9s de personas que tengan suficiente conocimiento sobre el punto, para desentra\u00f1ar si existieron irregularidades que permitan afirmar que existi\u00f3 una contrataci\u00f3n direccionada y que para eso fue desechado la licitaci\u00f3n p\u00fablica que estaba en curso\u00bb, sostuvo la fiscal\u00eda la cual propuso la intervenci\u00f3n de \u00abla Asociaci\u00f3n del personal de los organismos de control de la Rep\u00fablica Argentina (APOC)\u00bb.<\/p>\n<p>Por otro lado, la fiscal\u00eda tambi\u00e9n impuls\u00f3 una investigaci\u00f3n por la licitaci\u00f3n p\u00fablica para la adquisici\u00f3n de 100 buses 100 por ciento el\u00e9ctricos para combatir el impacto ambiental.<\/p>\n<p>Esta denuncia fue hecha por Pablo Bolado, Director General de Asuntos Jur\u00eddicos de la Subsecretar\u00eda De Coordinaci\u00f3n Administrativa del Ministerio de Ambiente y Desarrollo Sustentable.<\/p>\n<p>La denuncia acusa de irregularidades a algunos integrantes de una comisi\u00f3n evaluadora creada para examinar el pliego presentado por al menos media docena de empresas.<\/p>\n<p>Particularmente, desde Medio Ambiente apuntaron contra el ingeniero Pedro Orbaiz, miembro de la Comisi\u00f3n, por no realizar un an\u00e1lisis adecuado sobre los pliegos presentados.<\/p>\n<p>Pero la fiscal\u00eda paralelamente tambi\u00e9n tuvo en cuenta que seg\u00fan versiones period\u00edsticas, ese ingeniero habr\u00eda sido v\u00edctima de aprietes para convalidar el pliego de la firma CTS Auto SA y al negarse a hacerlo se lo removi\u00f3 de sus funciones.<\/p>\n<h6>Fuente: Uno Mendoza<\/h6>\n","protected":false},"excerpt":{"rendered":"<p>Lo solicit\u00f3 el fiscal federal Federico Delgado. Se trata de supuestos il\u00edcitos que se habr\u00edan cometido en contrataciones varias en el marco de procesos de licitaci\u00f3n p\u00fablica desde el Ministerio de Ambiente de la Naci\u00f3n.<\/p>\n","protected":false},"author":2,"featured_media":59363,"comment_status":"closed","ping_status":"closed","sticky":false,"template":"","format":"standard","meta":{"footnotes":""},"categories":[8],"tags":[21],"class_list":["post-59362","post","type-post","status-publish","format-standard","has-post-thumbnail","hentry","category-informe-nacional","tag-argentina"],"_links":{"self":[{"href":"http:\/\/argentinamunicipal.com.ar\/argentina\/wp-json\/wp\/v2\/posts\/59362","targetHints":{"allow":["GET"]}}],"collection":[{"href":"http:\/\/argentinamunicipal.com.ar\/argentina\/wp-json\/wp\/v2\/posts"}],"about":[{"href":"http:\/\/argentinamunicipal.com.ar\/argentina\/wp-json\/wp\/v2\/types\/post"}],"author":[{"embeddable":true,"href":"http:\/\/argentinamunicipal.com.ar\/argentina\/wp-json\/wp\/v2\/users\/2"}],"replies":[{"embeddable":true,"href":"http:\/\/argentinamunicipal.com.ar\/argentina\/wp-json\/wp\/v2\/comments?post=59362"}],"version-history":[{"count":0,"href":"http:\/\/argentinamunicipal.com.ar\/argentina\/wp-json\/wp\/v2\/posts\/59362\/revisions"}],"wp:featuredmedia":[{"embeddable":true,"href":"http:\/\/argentinamunicipal.com.ar\/argentina\/wp-json\/wp\/v2\/media\/59363"}],"wp:attachment":[{"href":"http:\/\/argentinamunicipal.com.ar\/argentina\/wp-json\/wp\/v2\/media?parent=59362"}],"wp:term":[{"taxonomy":"category","embeddable":true,"href":"http:\/\/argentinamunicipal.com.ar\/argentina\/wp-json\/wp\/v2\/categories?post=59362"},{"taxonomy":"post_tag","embeddable":true,"href":"http:\/\/argentinamunicipal.com.ar\/argentina\/wp-json\/wp\/v2\/tags?post=59362"}],"curies":[{"name":"wp","href":"https:\/\/api.w.org\/{rel}","templated":true}]}}