{"id":59371,"date":"2017-02-14T08:16:52","date_gmt":"2017-02-14T11:16:52","guid":{"rendered":"http:\/\/argentinamunicipal.com.ar\/argentina\/?p=59371"},"modified":"2017-02-14T08:16:53","modified_gmt":"2017-02-14T11:16:53","slug":"la-oficina-empleo-posadas-logro-incorporar-140-jovenes-al-mercado-laboral","status":"publish","type":"post","link":"http:\/\/argentinamunicipal.com.ar\/argentina\/la-oficina-empleo-posadas-logro-incorporar-140-jovenes-al-mercado-laboral\/","title":{"rendered":"La Oficina de Empleo de Posadas logr\u00f3 incorporar a 140 j\u00f3venes al mercado laboral"},"content":{"rendered":"<p>A trav\u00e9s del programa denominado \u201cEntrenamiento para el Trabajo\u201d, la Oficina de Empleo de Posadas logr\u00f3 que 140 j\u00f3venes se incorporen al mercado laboral. Gerem\u00edas Zarza, a cargo de la delegaci\u00f3n en la capital provincial, cont\u00f3 que durante enero y febrero estos j\u00f3venes se sumaron a distintas empresas en diferentes rubros como helader\u00edas, hoteles, estaciones de servicio, librer\u00edas y gastronom\u00eda. \u201cLo vemos muy importante porque a los j\u00f3venes les cuesta mucho insertarse en el mercado por falta de experiencia y este programa lo que hace es brindarle justamente eso\u201d, indic\u00f3.<\/p>\n<p>El programa tiene una duraci\u00f3n de 6 meses y les otorga a los j\u00f3venes las herramientas fundamentales para poder desarrollarse en el mundo del trabajo. A la hora de contratar personal, muchos empresarios lo que m\u00e1s tienen en cuenta es la experiencia.<\/p>\n<p>\u201cRecomendamos a todos los j\u00f3venes que est\u00e1n buscando trabajo que vengan a inscribirse a nuestra plataforma para que lo podamos direccionar a distintos talleres para ver si su perfil coincide con el de alguna empresa y poder derivarlo para que tengan su experiencia laboral\u201d, indic\u00f3 Zarza.<\/p>\n<p>Por otra parte el programa j\u00f3venes con m\u00e1s y mejor trabajo es el primer paso para los j\u00f3venes que no terminaron la secundaria y durante 3 meses cobran un beneficio por concurrir a los talleres, tanto de formaci\u00f3n profesional como de oficios y de proyecci\u00f3n de imagen positiva. \u201cA aquellos j\u00f3venes que se desenvuelven bien y quieren trabajar, por ejemplo, en atenci\u00f3n al p\u00fablico en alg\u00fan comercio lo orientamos hacia un taller donde pueda mejorar sus capacidades\u201d, detall\u00f3 el encargado.<\/p>\n<p>La oficina de empleo abri\u00f3 las inscripciones el 1\u00b0 de febrero y va a estar abierta hasta marzo. La convocatoria es para todos los j\u00f3venes de 18 a 24 a\u00f1os que no hayan terminado sus estudios. Adem\u00e1s de atender en la oficina de Av. Roque P\u00e9rez 1652, Zarza cont\u00f3 que tambi\u00e9n van a anotar a los interesados en los puntos de operativos que se van a realizar en distintos barrios de la ciudad. El martes 14 se realizar\u00e1 el primer operativo en la plaza del barrio Villa Urquiza, de 9 a 12 horas; en tanto que el jueves 16 atender\u00e1n en el Club Atl\u00e9tico Posadas.<\/p>\n<h6>Fuente: Misiones Online<\/h6>\n","protected":false},"excerpt":{"rendered":"<p>A trav\u00e9s del programa denominado \u201cEntrenamiento para el Trabajo\u201d, la Oficina de Empleo de Posadas logr\u00f3 que 140 j\u00f3venes se incorporen al mercado laboral.<\/p>\n","protected":false},"author":2,"featured_media":59372,"comment_status":"closed","ping_status":"closed","sticky":false,"template":"","format":"standard","meta":{"footnotes":""},"categories":[2],"tags":[27],"class_list":["post-59371","post","type-post","status-publish","format-standard","has-post-thumbnail","hentry","category-informe-municipal","tag-misiones"],"_links":{"self":[{"href":"http:\/\/argentinamunicipal.com.ar\/argentina\/wp-json\/wp\/v2\/posts\/59371","targetHints":{"allow":["GET"]}}],"collection":[{"href":"http:\/\/argentinamunicipal.com.ar\/argentina\/wp-json\/wp\/v2\/posts"}],"about":[{"href":"http:\/\/argentinamunicipal.com.ar\/argentina\/wp-json\/wp\/v2\/types\/post"}],"author":[{"embeddable":true,"href":"http:\/\/argentinamunicipal.com.ar\/argentina\/wp-json\/wp\/v2\/users\/2"}],"replies":[{"embeddable":true,"href":"http:\/\/argentinamunicipal.com.ar\/argentina\/wp-json\/wp\/v2\/comments?post=59371"}],"version-history":[{"count":0,"href":"http:\/\/argentinamunicipal.com.ar\/argentina\/wp-json\/wp\/v2\/posts\/59371\/revisions"}],"wp:featuredmedia":[{"embeddable":true,"href":"http:\/\/argentinamunicipal.com.ar\/argentina\/wp-json\/wp\/v2\/media\/59372"}],"wp:attachment":[{"href":"http:\/\/argentinamunicipal.com.ar\/argentina\/wp-json\/wp\/v2\/media?parent=59371"}],"wp:term":[{"taxonomy":"category","embeddable":true,"href":"http:\/\/argentinamunicipal.com.ar\/argentina\/wp-json\/wp\/v2\/categories?post=59371"},{"taxonomy":"post_tag","embeddable":true,"href":"http:\/\/argentinamunicipal.com.ar\/argentina\/wp-json\/wp\/v2\/tags?post=59371"}],"curies":[{"name":"wp","href":"https:\/\/api.w.org\/{rel}","templated":true}]}}