{"id":59377,"date":"2017-02-14T08:25:25","date_gmt":"2017-02-14T11:25:25","guid":{"rendered":"http:\/\/argentinamunicipal.com.ar\/argentina\/?p=59377"},"modified":"2017-02-14T08:25:25","modified_gmt":"2017-02-14T11:25:25","slug":"gobierno-propone-mas-trabajo-precario-reforma-laboral","status":"publish","type":"post","link":"http:\/\/argentinamunicipal.com.ar\/argentina\/gobierno-propone-mas-trabajo-precario-reforma-laboral\/","title":{"rendered":"El gobierno propone m\u00e1s trabajo precario en su reforma laboral"},"content":{"rendered":"<p>El objetivo del proyecto macrista es reducir el costo laboral a las empresas, favorecer a los evasores previsionales con un blanqueo y quitar protecciones especiales que benefician a los trabajadores.<\/p>\n<p>El gobierno de Cambiemos propone un blanqueo para evasores previsionales, la rebaja de contribuciones patronales y \u00a0quitar beneficios a los empleados que sufren accidentes de trabajo.<\/p>\n<p>Otro de los puntos es la creaci\u00f3n de una agencia de talentos, la incorporaci\u00f3n al mercado laboral de las personas que cobran planes sociales y la rebaja de contribuciones patronales.<\/p>\n<p>El paquete laboral comprender\u00e1 la regularizaci\u00f3n del empleo no registrado\u00a0que se lanzar\u00eda con la modificaci\u00f3n del sistema de riesgos del trabajo.<\/p>\n<p>La idea oficial es sacar \u00a0las multas que contempla la ley 24.013 para los empleadores que no registran correctamente a sus empleados o que falsifican sus fechas de ingreso (art\u00edculos 8 y 9) en una relaci\u00f3n laboral. El ministro de Trabajo busca terminar con las dobles indemnizaciones\u00a0(previstas en el art\u00edculo 15).<\/p>\n<p>REFORMA LABORAL DE TRIACA<\/p>\n<p>Plantea la eximici\u00f3n de contribuciones patronales para los empleadores que contraten un trabajador \u00abpor tiempo indeterminado y registrado\u00bb, siempre y cuando esa contrataci\u00f3n \u00abproduzca un incremento en su plantel de trabajadores\u00bb.<\/p>\n<p>Los incentivos ser\u00e1n a\u00fan m\u00e1s elevados, llegar\u00e1n \u00a0hasta el 30%, en Salta, Jujuy, Tucum\u00e1n, La Rioja, Catamarca, Misiones, Corrientes, Chaco, Formosa y Santiago del Estero, y de hasta el 10% en Santa Fe, Buenos Aires, C\u00f3rdoba, San Luis, La Pampa, Entre R\u00edos, San Juan, Mendoza, R\u00edo Negro, Santa Cruz, Chubut, Neuqu\u00e9n, Tierra del Fuego, y la ciudad de Buenos Aires.<\/p>\n<p>Por un lado se habla de un blanqueo o quita de deuda, es decir, se lanzar\u00eda una moratoria con facilidades de pago para los que no cumplieron con pago de aportes.<\/p>\n<p>El Gobierno propone adem\u00e1s juntar todos los planes oficiales que existen para la formaci\u00f3n de trabajadores y crear una agencia de talento que los concentre.<\/p>\n<p>Tambi\u00e9n est\u00e1 la idea de comenzar a sumar al mercado de trabajo registrado a trav\u00e9s de distintos incentivos a aquellas personas que cobran un plan social con prestaciones laborales.<\/p>\n<h6>Fuente: InfoNews<\/h6>\n","protected":false},"excerpt":{"rendered":"<p>El objetivo del proyecto macrista es reducir el costo laboral a las empresas, favorecer a los evasores previsionales con un blanqueo y quitar protecciones especiales que benefician a los trabajadores.<\/p>\n","protected":false},"author":2,"featured_media":59378,"comment_status":"closed","ping_status":"closed","sticky":false,"template":"","format":"standard","meta":{"footnotes":""},"categories":[8],"tags":[21],"class_list":["post-59377","post","type-post","status-publish","format-standard","has-post-thumbnail","hentry","category-informe-nacional","tag-argentina"],"_links":{"self":[{"href":"http:\/\/argentinamunicipal.com.ar\/argentina\/wp-json\/wp\/v2\/posts\/59377","targetHints":{"allow":["GET"]}}],"collection":[{"href":"http:\/\/argentinamunicipal.com.ar\/argentina\/wp-json\/wp\/v2\/posts"}],"about":[{"href":"http:\/\/argentinamunicipal.com.ar\/argentina\/wp-json\/wp\/v2\/types\/post"}],"author":[{"embeddable":true,"href":"http:\/\/argentinamunicipal.com.ar\/argentina\/wp-json\/wp\/v2\/users\/2"}],"replies":[{"embeddable":true,"href":"http:\/\/argentinamunicipal.com.ar\/argentina\/wp-json\/wp\/v2\/comments?post=59377"}],"version-history":[{"count":0,"href":"http:\/\/argentinamunicipal.com.ar\/argentina\/wp-json\/wp\/v2\/posts\/59377\/revisions"}],"wp:featuredmedia":[{"embeddable":true,"href":"http:\/\/argentinamunicipal.com.ar\/argentina\/wp-json\/wp\/v2\/media\/59378"}],"wp:attachment":[{"href":"http:\/\/argentinamunicipal.com.ar\/argentina\/wp-json\/wp\/v2\/media?parent=59377"}],"wp:term":[{"taxonomy":"category","embeddable":true,"href":"http:\/\/argentinamunicipal.com.ar\/argentina\/wp-json\/wp\/v2\/categories?post=59377"},{"taxonomy":"post_tag","embeddable":true,"href":"http:\/\/argentinamunicipal.com.ar\/argentina\/wp-json\/wp\/v2\/tags?post=59377"}],"curies":[{"name":"wp","href":"https:\/\/api.w.org\/{rel}","templated":true}]}}