{"id":59402,"date":"2017-02-15T07:27:16","date_gmt":"2017-02-15T10:27:16","guid":{"rendered":"http:\/\/argentinamunicipal.com.ar\/argentina\/?p=59402"},"modified":"2017-02-15T07:27:16","modified_gmt":"2017-02-15T10:27:16","slug":"la-uom-reclamo-los-despidos-triaca-le-pidio-discutir-madurez","status":"publish","type":"post","link":"http:\/\/argentinamunicipal.com.ar\/argentina\/la-uom-reclamo-los-despidos-triaca-le-pidio-discutir-madurez\/","title":{"rendered":"La UOM reclam\u00f3 por los despidos y Triaca le pidi\u00f3 \u00abdiscutir con madurez\u00bb"},"content":{"rendered":"<p>\u00abTenemos que seguir trabajando con los dirigentes sindicales y empresarios para ir encontrando las soluciones juntos, pero con madurez, fuera de banderas pol\u00edticas y de lo que es el a\u00f1o electoral\u00bb, advirti\u00f3 el ministro.<\/p>\n<p>En una masiva manifestaci\u00f3n, los dirigentes y afiliados de la Uni\u00f3n Obrera Metal\u00fargica (UOM) se movilizaron ayer al Ministerio de Trabajo de la Naci\u00f3n para reclamarle al gobierno por los despidos que se registraron en el sector y en rechazo a la apertura de las importaciones.<\/p>\n<p>La marcha, que fue convocada entre otros casos, para reclamar por los despidos en la firma Bangh\u00f3 debido a que ayer culminaba el proceso de conciliaci\u00f3n obligatoria, finamente culmin\u00f3 con una buena noticia para los 283 empleados de la empresa tecnol\u00f3gica, ya que los directivos de la firma y el gremio acordaron que los despedidos pasar\u00e1n a ser considerados suspendidos y cobrar\u00e1n el 70 por ciento del salario, tras reunirse con funcionarios de los ministerios de Trabajo y de Producci\u00f3n de la Naci\u00f3n.<\/p>\n<p>Ayer el titular de Trabajo, Jorge Triaca, reclam\u00f3 a los sindicatos discutir y trabajar con \u00abmadurez\u00bb y \u00abfuera de banderas pol\u00edticas\u00bb, mientras que el jefe de la UOM, Antonio Cal\u00f3, alert\u00f3 que el sector metalmec\u00e1nico fue \u00abel que m\u00e1s despidos sufri\u00f3\u00bb.<\/p>\n<p>\u00abTenemos que seguir trabajando con los dirigentes sindicales y empresarios para ir encontrando las soluciones juntos, pero con madurez, fuera de banderas pol\u00edticas y de lo que es el a\u00f1o electoral\u00bb, advirti\u00f3.<\/p>\n<p>Desde el sindicalismo, en tanto, Cal\u00f3 se\u00f1al\u00f3 que \u00abel sector metalmec\u00e1nico fue el que m\u00e1s sufri\u00f3 despidos\u00bb, en el marco de la manifestaci\u00f3n realizada por la UOM desde la Plaza de los Congresos hasta el Ministerio de Trabajo.<\/p>\n<p>Por su parte, Juan Carlos Schmid, uno de los tres conductores de la CGT, enfatiz\u00f3 que \u00abnadie se va a sentar a discutir sobre una limitaci\u00f3n del 18 por ciento\u00bb, y destac\u00f3 que desde la central obrera \u00abqueremos que la negociaci\u00f3n sea absolutamente sin piso ni techo; libre entre las partes\u00bb.<\/p>\n<p><strong>Diagn\u00f3sticos opuestos<\/strong><\/p>\n<p>Triaca sostuvo que al gobierno le preocupa que \u00abhaya un diagn\u00f3stico tan alejado de la realidad\u00bb por parte de algunos sindicatos, en referencia a los dichos Cal\u00f3 respecto de que hubo \u00ab9 mil despidos y 15 mil suspensiones\u00bb en su sector.<\/p>\n<p>El funcionario destac\u00f3 que \u00abel gobierno siempre tiene la predisposici\u00f3n del di\u00e1logo con todos los sectores\u00bb y que sigue trabajando \u00abpara mejorar la situaci\u00f3n del trabajo\u00bb. Puntualmente, admiti\u00f3 que la quita de los aranceles de importaci\u00f3n para las computadoras \u00abafect\u00f3 a algunos sectores\u00bb, pero resalt\u00f3 que el plan de transformaci\u00f3n puesto en marcha \u00abva a subsanar parte de los impactos de estas decisiones\u00bb.<\/p>\n<p>\u00abEl caso de las computadoras es emblem\u00e1tico, porque en la Argentina se venden de dos a tres veces m\u00e1s caras que en otros pa\u00edses\u00bb, dijo Triaca y agreg\u00f3 que \u00abes esencial para la educaci\u00f3n y la producci\u00f3n, y por eso el gobierno ha tomado la decisi\u00f3n de bajar los aranceles\u00bb.<\/p>\n<h6>Fuente: La Capital Rosario<\/h6>\n","protected":false},"excerpt":{"rendered":"<p>\u00abTenemos que seguir trabajando con los dirigentes sindicales y empresarios para ir encontrando las soluciones juntos, pero con madurez, fuera de banderas pol\u00edticas y de lo que es el a\u00f1o electoral\u00bb, advirti\u00f3 el ministro.<\/p>\n","protected":false},"author":2,"featured_media":59403,"comment_status":"closed","ping_status":"closed","sticky":false,"template":"","format":"standard","meta":{"footnotes":""},"categories":[8],"tags":[21],"class_list":["post-59402","post","type-post","status-publish","format-standard","has-post-thumbnail","hentry","category-informe-nacional","tag-argentina"],"_links":{"self":[{"href":"http:\/\/argentinamunicipal.com.ar\/argentina\/wp-json\/wp\/v2\/posts\/59402","targetHints":{"allow":["GET"]}}],"collection":[{"href":"http:\/\/argentinamunicipal.com.ar\/argentina\/wp-json\/wp\/v2\/posts"}],"about":[{"href":"http:\/\/argentinamunicipal.com.ar\/argentina\/wp-json\/wp\/v2\/types\/post"}],"author":[{"embeddable":true,"href":"http:\/\/argentinamunicipal.com.ar\/argentina\/wp-json\/wp\/v2\/users\/2"}],"replies":[{"embeddable":true,"href":"http:\/\/argentinamunicipal.com.ar\/argentina\/wp-json\/wp\/v2\/comments?post=59402"}],"version-history":[{"count":0,"href":"http:\/\/argentinamunicipal.com.ar\/argentina\/wp-json\/wp\/v2\/posts\/59402\/revisions"}],"wp:featuredmedia":[{"embeddable":true,"href":"http:\/\/argentinamunicipal.com.ar\/argentina\/wp-json\/wp\/v2\/media\/59403"}],"wp:attachment":[{"href":"http:\/\/argentinamunicipal.com.ar\/argentina\/wp-json\/wp\/v2\/media?parent=59402"}],"wp:term":[{"taxonomy":"category","embeddable":true,"href":"http:\/\/argentinamunicipal.com.ar\/argentina\/wp-json\/wp\/v2\/categories?post=59402"},{"taxonomy":"post_tag","embeddable":true,"href":"http:\/\/argentinamunicipal.com.ar\/argentina\/wp-json\/wp\/v2\/tags?post=59402"}],"curies":[{"name":"wp","href":"https:\/\/api.w.org\/{rel}","templated":true}]}}