{"id":59467,"date":"2017-02-17T06:51:30","date_gmt":"2017-02-17T09:51:30","guid":{"rendered":"http:\/\/argentinamunicipal.com.ar\/argentina\/?p=59467"},"modified":"2017-02-17T06:51:30","modified_gmt":"2017-02-17T09:51:30","slug":"reclamo-genero-logro-la-unidad","status":"publish","type":"post","link":"http:\/\/argentinamunicipal.com.ar\/argentina\/reclamo-genero-logro-la-unidad\/","title":{"rendered":"El reclamo de g\u00e9nero logr\u00f3 la unidad"},"content":{"rendered":"<p>La CGT y las dos CTA llegaron a un acuerdo en torno a la convocatoria al paro de mujeres promovido por Ni Una Menos. Cada sindicato est\u00e1 definiendo su modalidad de adhesi\u00f3n. El pliego de reclamos.<\/p>\n<p>Las mujeres de las tres centrales obreras marchar\u00e1n juntas por primera vez el pr\u00f3ximo 8 de marzo, en el D\u00eda Internacional de las Mujeres Trabajadoras. Se trata del acuerdo pol\u00edtico de unidad al que llegaron la CGT, la CTA de los Trabajadores y la CTA Aut\u00f3noma, en el marco de la convocatoria al hist\u00f3rico paro internacional de mujeres promovido en el pa\u00eds desde el Colectivo Ni Una Menos en articulaci\u00f3n con numerosas agrupaciones, organizaciones y activistas autoconvocadas. La medida de fuerza, que se replicar\u00e1 en pa\u00edses latinoamericanos, de Europa, Asia y en Estados Unidos, busca denunciar en la Argentina la desigualdad hist\u00f3rica de las mujeres en la sociedad y sus m\u00faltiples consecuencias: desde las violencias machistas \u2013y su expresi\u00f3n m\u00e1s extrema, los femicidios\u2013 hasta las muertes por abortos inseguros, el trabajo dom\u00e9stico y de cuidados no remunerado, que recae mayoritariamente sobre sus espaldas, la brecha salarial en relaci\u00f3n a los sueldos masculinos y la precarizaci\u00f3n laboral. Cada sindicato est\u00e1 definiendo su modalidad de adhesi\u00f3n: desde cese de actividades a partir del mediod\u00eda hasta asambleas en los lugares de trabajo, radios abiertas y ruidazos.<\/p>\n<p>Tambi\u00e9n se est\u00e1n acordando las demandas concretas que van m\u00e1s all\u00e1 de la agenda vinculada a la problem\u00e1tica de las violencias machistas y que ponen eje en cuestiones laborales fundamentales como vacantes universales en jardines maternales, ampliaci\u00f3n de licencias por maternidad y paternidad, salarios para v\u00edctimas de violencia de g\u00e9nero, licencias por violencia de g\u00e9nero, igual salario por igual trabajo, no a la suba de la edad jubilatoria, reapertura de la moratoria para las amas de casa, entre otros reclamos.<\/p>\n<p>En di\u00e1logo con P\u00e1ginaI12, la secretaria de Derechos Humanos de la Asociaci\u00f3n Bancaria, Claudia Ormaechea, adelant\u00f3 la adhesi\u00f3n a la huelga de mujeres, con un cese de actividades de las empleadas en cada sucursal del pa\u00eds entre las 12 y las 13. \u201cVamos a hacer notar nuestra participaci\u00f3n al paro internacional de mujeres\u201d, se\u00f1al\u00f3 la gremialista. Pero adem\u00e1s, en los pr\u00f3ximos d\u00edas el sindicato bancario \u2013alineado dentro de la CGT en la Corriente Sindical Federal\u2013 lanzar\u00e1 una campa\u00f1a dirigida a los clientes de los bancos para concientizarlos sobre la problem\u00e1tica de la violencia machista. \u201cComo organizaci\u00f3n sindical somos parte de una sociedad y tenemos que contribuir a enfrentar el flagelo de la violencia de g\u00e9nero y su expresi\u00f3n m\u00e1s extrema, que son los femicidios. Estamos trabajando no solo contra la violencia laboral. Participamos y nos consideramos parte del colectivo Ni Una Menos\u201d, agreg\u00f3 Ormaechea. Tambi\u00e9n la Conadu, que agrupa a docentes universitarios en todo el pa\u00eds y est\u00e1 dentro de la CTA de los Trabajadores, resolvi\u00f3 ayer en un plenario de secretarios y secretarias generales la suspensi\u00f3n de actividades a partir de las 13 \u201cpara que puedan participar compa\u00f1eras y compa\u00f1eros tambi\u00e9n\u201d, precis\u00f3 a este diario Yamile Socolovsky, secretaria de Relaciones Internacionales del sindicato. \u201cHemos acordado adherir al paro del 8M y convocar a los sindicatos de base de Conadu presentes en cada universidad del pa\u00eds a realizar acciones de visibilizaci\u00f3n sobre la problem\u00e1tica de la violencia contra las mujeres y las condiciones de trabajo de las mujeres y sumarnos a las movilizaciones que se realicen en cada ciudad. Y por supuesto, a la marcha a la Plaza de Mayo. Tambi\u00e9n lanzaremos una campa\u00f1a gr\u00e1fica\u201d, detall\u00f3 Socolovsky. El gremio de AGTSyP, m\u00e1s conocido como de los metrodelegados, tambi\u00e9n ya resolvi\u00f3 la adhesi\u00f3n a la huelga de mujeres, aunque todav\u00eda no defini\u00f3 si el cese de actividades se extender\u00e1 por dos o tres horas. \u201cLo vamos a acordar el 23 en asamblea. La idea es hacer tambi\u00e9n intervenciones en las cabeceras de cada l\u00ednea\u201d, indic\u00f3 a P\u00e1ginaI12 Karina Nicoletta, secretaria de g\u00e9nero del sindicato y conductora de la L\u00ednea A del subte. Tania D\u2019Andrea, de la comisi\u00f3n de G\u00e9nero del Sindicato de Trabajadores Judiciales (SiTraJu Caba), integrante de la Corriente Federal de Trabajadores, se\u00f1al\u00f3 que est\u00e1n debatiendo la modalidad de adhesi\u00f3n. \u201cEs muy importante recuperar la fecha del 8 de marzo como un d\u00eda de reinvidicaci\u00f3n de las mujeres trabajadoras, en un contexto de pol\u00edticas neoliberales, con recorte de programas como el de salud sexual y reproductiva y de ajuste y despidos\u201d, apunt\u00f3.<\/p>\n<p>El acuerdo entre las centrales sindicales para participar en las movilizaci\u00f3n del 8M llega dos semanas despu\u00e9s de que, en un hecho in\u00e9dito, 200 mujeres de todas las tendencias de la oposici\u00f3n coincidieran en una asamblea en un fuerte reclamo a que la CGT y las dos CTA apoyen la medida de fuerza que se realizar\u00e1 en treinta pa\u00edses. Sin embargo, hay matices que las diferencian. Las secretaria de G\u00e9nero de la CGT, Noel Ruiz, y de la CTA Aut\u00f3noma, Alejandra Angriman, no acuerdan con el llamado a un \u201cparo\u201d porque lo consideran un \u201cinstrumento sindical\u201d y prefieren hablar de una jornada de lucha. A diferencia de la CTA de los Trabajadores, que ya resolvi\u00f3 en plenaria nacional d\u00edas atr\u00e1s sumarse a la huelga y cuya secretaria de G\u00e9nero, Estela D\u00edaz, fue la primera en pronunciarse a favor del llamamiento lanzado desde el Colectivo Ni Una Menos. La idea es reconocer modalidades m\u00faltiples para que los distintos sectores puedan participar.<\/p>\n<p>\u201cEstamos frente a un gobierno que viene quitando derechos. Hoy las mujeres que viven violencia est\u00e1n peor condiciones para defenderse, para construir autonom\u00eda, porque las mujeres est\u00e1n siendo despedidas, suspendidas, precarizadas, se est\u00e1n atacando sus instrumentos como las paritarias y la negociaci\u00f3n colectiva y son ellas las que m\u00e1s sufren el debilitamiento de las pol\u00edticas p\u00fablicas, de los programas de salud, el vaciamiento del Programa Nacional de Educaci\u00f3n Sexual, una herramienta central para prevenir la violencia contra las mujeres\u201d, resumi\u00f3 D\u00edaz, secretaria de G\u00e9nero de la CTA de los Trabajadores.<\/p>\n<h6>Fuente: P\u00e1gina 12<\/h6>\n","protected":false},"excerpt":{"rendered":"<p>La CGT y las dos CTA llegaron a un acuerdo en torno a la convocatoria al paro de mujeres promovido por Ni Una Menos. Cada sindicato est\u00e1 definiendo su modalidad de adhesi\u00f3n. El pliego de reclamos.<\/p>\n","protected":false},"author":2,"featured_media":59468,"comment_status":"closed","ping_status":"closed","sticky":false,"template":"","format":"standard","meta":{"footnotes":""},"categories":[8],"tags":[21],"class_list":["post-59467","post","type-post","status-publish","format-standard","has-post-thumbnail","hentry","category-informe-nacional","tag-argentina"],"_links":{"self":[{"href":"http:\/\/argentinamunicipal.com.ar\/argentina\/wp-json\/wp\/v2\/posts\/59467","targetHints":{"allow":["GET"]}}],"collection":[{"href":"http:\/\/argentinamunicipal.com.ar\/argentina\/wp-json\/wp\/v2\/posts"}],"about":[{"href":"http:\/\/argentinamunicipal.com.ar\/argentina\/wp-json\/wp\/v2\/types\/post"}],"author":[{"embeddable":true,"href":"http:\/\/argentinamunicipal.com.ar\/argentina\/wp-json\/wp\/v2\/users\/2"}],"replies":[{"embeddable":true,"href":"http:\/\/argentinamunicipal.com.ar\/argentina\/wp-json\/wp\/v2\/comments?post=59467"}],"version-history":[{"count":0,"href":"http:\/\/argentinamunicipal.com.ar\/argentina\/wp-json\/wp\/v2\/posts\/59467\/revisions"}],"wp:featuredmedia":[{"embeddable":true,"href":"http:\/\/argentinamunicipal.com.ar\/argentina\/wp-json\/wp\/v2\/media\/59468"}],"wp:attachment":[{"href":"http:\/\/argentinamunicipal.com.ar\/argentina\/wp-json\/wp\/v2\/media?parent=59467"}],"wp:term":[{"taxonomy":"category","embeddable":true,"href":"http:\/\/argentinamunicipal.com.ar\/argentina\/wp-json\/wp\/v2\/categories?post=59467"},{"taxonomy":"post_tag","embeddable":true,"href":"http:\/\/argentinamunicipal.com.ar\/argentina\/wp-json\/wp\/v2\/tags?post=59467"}],"curies":[{"name":"wp","href":"https:\/\/api.w.org\/{rel}","templated":true}]}}