{"id":59470,"date":"2017-02-17T06:53:58","date_gmt":"2017-02-17T09:53:58","guid":{"rendered":"http:\/\/argentinamunicipal.com.ar\/argentina\/?p=59470"},"modified":"2017-02-17T06:53:58","modified_gmt":"2017-02-17T09:53:58","slug":"una-relacion-vez-mas-tirante","status":"publish","type":"post","link":"http:\/\/argentinamunicipal.com.ar\/argentina\/una-relacion-vez-mas-tirante\/","title":{"rendered":"Una relaci\u00f3n cada vez m\u00e1s tirante"},"content":{"rendered":"<p>El integrante del triunvirato que conduce la central sindical dijo que el v\u00ednculo con la Rosada est\u00e1 \u201cen su punto de tensi\u00f3n m\u00e1s grande\u201d. Afirm\u00f3 que hay una \u201csangr\u00eda\u201d en el sector industrial y vaticin\u00f3 que la movilizaci\u00f3n del 7 de marzo ser\u00e1 \u201cgigantesca\u201d.<\/p>\n<p>La relaci\u00f3n entre la CGT y el Gobierno atraviesa \u201csu punto de tensi\u00f3n m\u00e1s grande\u201d, afirm\u00f3 ayer uno de los tres secretarios generales de la central obrera, Juan Carlos Schmid. A 20 d\u00edas de la marcha convocada para el 7 de marzo, el dirigente sindical le apunt\u00f3 a la pol\u00edtica econ\u00f3mica, puntualmente a la apertura de importaciones que, dijo, est\u00e1 generando una \u201csangr\u00eda\u201d de puestos de trabajo en el sector industrial. Frente a ese panorama, Schmid vaticin\u00f3 que la movilizaci\u00f3n hacia las puertas del Ministerio de Producci\u00f3n ser\u00e1 \u201cgigantesca\u201d y servir\u00e1 para mostrar en la calle el descontento de los trabajadores con el \u201cenfoque econ\u00f3mico\u201d de Mauricio Macri. En paralelo, el triunvirato de la CGT anunci\u00f3 que se reunir\u00e1 el pr\u00f3ximo lunes con Jos\u00e9 Luis Gioja y el resto de la mesa de conducci\u00f3n del PJ.<\/p>\n<p>Ya desde principios de este a\u00f1o, la CGT comenz\u00f3 a tener posicionamientos m\u00e1s duros frente al Gobierno, al calor del n\u00famero creciente de despidos y de los pronunciamientos oficiales en favor de flexibilizar las relaciones laborales y fijar el techo de las paritarias en torno al 18 por ciento. El triunvirato lleg\u00f3 a plantear en enero que se retiraba de la mesa de di\u00e1logo social convocada por el Ejecutivo ante el incumplimiento de las patronales del compromiso de cerrar la canilla de los despidos. La \u201ctensi\u00f3n\u201d con la Rosada, consider\u00f3 ayer Schmid, lleg\u00f3 \u201ca su punto m\u00e1s grande\u201d y tendr\u00e1 el 7 de marzo su correlato en las calles.<\/p>\n<p>\u201cVa a haber una gigantesca protesta en contra del enfoque econ\u00f3mico que se est\u00e1 teniendo y, particularmente, en el tema de la industria, la sangr\u00eda que hay en ese sector\u201d, asegur\u00f3 el dirigente, quien reiter\u00f3 que las consignas de la movilizaci\u00f3n ser\u00e1n \u201cen defensa del trabajo y la producci\u00f3n, por paritarias libres y en contra de la flexibilizaci\u00f3n y el aumento indiscriminado de tarifas\u201d.<\/p>\n<p>\u201cHay una mala administraci\u00f3n del comercio exterior\u201d, critic\u00f3 Schmid, planteando uno de los reproches principales del sindicalismo a la pol\u00edtica econ\u00f3mica. \u201cLo que necesitamos para nuestro desarrollo debe ingresar y lo que afecta a la industria nacional no debe ingresar, porque terminamos generando desempleo en la Argentina\u201d, consider\u00f3.<\/p>\n<p>La protecci\u00f3n de la industria nacional y los puestos de trabajo, en tanto, ser\u00e1 sin dudas uno de los puntos del di\u00e1logo con las autoridades del PJ que el pr\u00f3ximo lunes mantendr\u00e1 la conducci\u00f3n de la CGT, muchos de cuyos integrantes ocupan en paralelo cargos en la estructura del peronismo. Ya desde la marcha en conjunto con las organizaciones de la econom\u00eda popular que reclamaban la emergencia social, en noviembre pasado, la CGT anunciaba que este a\u00f1o, electoral, se abr\u00eda una etapa de \u201cdiscusi\u00f3n\u201d sobre el modelo econ\u00f3mico del pa\u00eds.<\/p>\n<p>\u201cYo no estoy diciendo que cierre toda la importaci\u00f3n en una econom\u00eda globalizada. Lo que digo es que tienen que tener una precisa administraci\u00f3n del comercio exterior\u201d, precis\u00f3 Schmid. En ese sentido, agreg\u00f3 que el Gobierno \u201cha abandonado, por lo menos, intentar tener un perfil industrial\u201d que, se\u00f1al\u00f3, \u201chace 40 a\u00f1os que la Argentina no lo tiene, salvo unas primaveras m\u00e1s extensas que otras\u201d.<\/p>\n<p>La movilizaci\u00f3n del 7 de marzo surgi\u00f3 luego de una reuni\u00f3n del Consejo Directivo de la CGT en la que se convoc\u00f3 adem\u00e1s a un paro nacional para la segunda quincena de ese mismo mes, sin fecha definida, y a la que se plegaron los gremios de transporte y los movimientos sociales.<\/p>\n<h6>Fuente: P\u00e1gina 12<\/h6>\n","protected":false},"excerpt":{"rendered":"<p>El integrante del triunvirato que conduce la central sindical dijo que el v\u00ednculo con la Rosada est\u00e1 \u201cen su punto de tensi\u00f3n m\u00e1s grande\u201d.<\/p>\n","protected":false},"author":2,"featured_media":59471,"comment_status":"closed","ping_status":"closed","sticky":false,"template":"","format":"standard","meta":{"footnotes":""},"categories":[8],"tags":[21],"class_list":["post-59470","post","type-post","status-publish","format-standard","has-post-thumbnail","hentry","category-informe-nacional","tag-argentina"],"_links":{"self":[{"href":"http:\/\/argentinamunicipal.com.ar\/argentina\/wp-json\/wp\/v2\/posts\/59470","targetHints":{"allow":["GET"]}}],"collection":[{"href":"http:\/\/argentinamunicipal.com.ar\/argentina\/wp-json\/wp\/v2\/posts"}],"about":[{"href":"http:\/\/argentinamunicipal.com.ar\/argentina\/wp-json\/wp\/v2\/types\/post"}],"author":[{"embeddable":true,"href":"http:\/\/argentinamunicipal.com.ar\/argentina\/wp-json\/wp\/v2\/users\/2"}],"replies":[{"embeddable":true,"href":"http:\/\/argentinamunicipal.com.ar\/argentina\/wp-json\/wp\/v2\/comments?post=59470"}],"version-history":[{"count":0,"href":"http:\/\/argentinamunicipal.com.ar\/argentina\/wp-json\/wp\/v2\/posts\/59470\/revisions"}],"wp:featuredmedia":[{"embeddable":true,"href":"http:\/\/argentinamunicipal.com.ar\/argentina\/wp-json\/wp\/v2\/media\/59471"}],"wp:attachment":[{"href":"http:\/\/argentinamunicipal.com.ar\/argentina\/wp-json\/wp\/v2\/media?parent=59470"}],"wp:term":[{"taxonomy":"category","embeddable":true,"href":"http:\/\/argentinamunicipal.com.ar\/argentina\/wp-json\/wp\/v2\/categories?post=59470"},{"taxonomy":"post_tag","embeddable":true,"href":"http:\/\/argentinamunicipal.com.ar\/argentina\/wp-json\/wp\/v2\/tags?post=59470"}],"curies":[{"name":"wp","href":"https:\/\/api.w.org\/{rel}","templated":true}]}}