{"id":59482,"date":"2017-02-17T06:13:21","date_gmt":"2017-02-17T09:13:21","guid":{"rendered":"http:\/\/argentinamunicipal.com.ar\/argentina\/?p=59482"},"modified":"2017-02-17T08:21:35","modified_gmt":"2017-02-17T11:21:35","slug":"pueblos-indigenas-denuncian-gobierno-elimino-la-educacion-intercultural-bilingue","status":"publish","type":"post","link":"http:\/\/argentinamunicipal.com.ar\/argentina\/pueblos-indigenas-denuncian-gobierno-elimino-la-educacion-intercultural-bilingue\/","title":{"rendered":"Pueblos ind\u00edgenas denuncian que el Gobierno elimin\u00f3 la educaci\u00f3n intercultural biling\u00fce"},"content":{"rendered":"<p>\u00abCon la eliminaci\u00f3n de la Modalidad de Educaci\u00f3n Intercultural Biling\u00fce, se frena y retrocede en la construcci\u00f3n de una educaci\u00f3n respetuosa de nuestra identidad como Pueblos Originarios\u00bb, explic\u00f3 el CEAPI en un comunicado.<\/p>\n<p>El Consejo Educativo Aut\u00f3nomo de Pueblos Ind\u00edgenas (CEAPI) emiti\u00f3 un comunicado en el que conden\u00f3 la eliminaci\u00f3n por parte del Gobierno nacional de los programas por los cuales se impart\u00eda educaci\u00f3n biling\u00fce en escuelas interculturales.<\/p>\n<p>La denuncia surge a ra\u00edz de haberse conocido la decisi\u00f3n del ministro de Educaci\u00f3n de la Naci\u00f3n, conducido por Esteban Bullrich, de suprimir todas las Coordinaciones de las Modalidades del Sistema Educativo Nacional, con lo cual dijeron se \u00abelimina la modalidad de Educaci\u00f3n Intercultural Biling\u00fce (EIB)\u00bb.<\/p>\n<p>\u00abCon la eliminaci\u00f3n de la Modalidad de Educaci\u00f3n Intercultural Biling\u00fce, se frena y retrocede en la construcci\u00f3n de una educaci\u00f3n respetuosa de nuestra identidad como Pueblos Originarios. Esta decisi\u00f3n del Ministro Bullrich, vulnera la Ley de Educaci\u00f3n Nacional N\u00b0 26.206, violando el derecho Constitucional de los Pueblos Ind\u00edgenas (conforme al art. 75 inc. 17 de la Constituci\u00f3n Nacional) &#8216;a recibir una educaci\u00f3n que contribuya a preservar y fortalecer sus pautas culturales, sus lenguas, cosmovisi\u00f3n e identidad \u00e9tnica para desempe\u00f1arse activamente en un mundo multicultural y a mejorar su calidad de vida'\u00bb, indic\u00f3 el CEAPI en un comunicado.<\/p>\n<p>\u00abLa EIB es una herramienta apropiada y sumamente necesaria para frenar el exterminio y la muerte de nuestra identidad \u00e9tnica, cultural y ling\u00fc\u00edstica. Por eso hemos decidido caminar con la EIB; porque creemos que esta Modalidad Educativa afirma nuestros pasos en la generaci\u00f3n y b\u00fasqueda de proyectos de vida y de desarrollo integrales para superar nuestro atraso y marginalidad. Desde ese lugar proponemos una mirada distinta que aporte en la construcci\u00f3n de una sociedad respetuosa de la diversidad cultural y de la Pachamama que nos contiene a todos\u00bb, contin\u00faa el texto.<\/p>\n<p>\u00abCon la instalaci\u00f3n de la Modalidad de EIB en el Sistema Educativo de la Rep\u00fablica Argentina, los Estados Nacional, Provinciales y de la Ciudad de Buenos Aires, hab\u00edan comenzado a reparar siglos de postergaci\u00f3n y de opresi\u00f3n de los Pueblos Originarios. Y esta responsabilidad le correspond\u00eda, principalmente, hasta ahora, al Ministerio de Educaci\u00f3n y Deportes de la Naci\u00f3n, habida cuenta que muchas jurisdicciones solaparon e invisibilizaron por largo tiempo la problem\u00e1tica ind\u00edgena\u00bb, concluyen.<\/p>\n<p>En tanto, Ramona Gim\u00e9nez, maestra aborigen Pilag\u00e1 en Formosa, calific\u00f3 la medida de \u00abatropello\u00bb y expres\u00f3 que la decisi\u00f3n produce \u00abun tremendo da\u00f1o, un retroceso en la construcci\u00f3n de una educaci\u00f3n respetuosa de nuestra identidad como pueblos originarios\u201d.<\/p>\n<p>\u201cEstamos atravesando momentos dif\u00edciles a nivel del pa\u00eds por esta determinaci\u00f3n injusta, que para m\u00ed es un atropello para nosotros, el no respet\u00f3 a los pueblos ind\u00edgenas y esto es responsabilidad del presidente Mauricio Macri, porque destruy\u00f3 totalmente lo que hemos construido y que para nosotros no fue f\u00e1cil\u201d, expuso.<\/p>\n<h6>Fuente: Infonews<\/h6>\n","protected":false},"excerpt":{"rendered":"<p>\u00abCon la eliminaci\u00f3n de la Modalidad de Educaci\u00f3n Intercultural Biling\u00fce, se frena y retrocede en la construcci\u00f3n de una educaci\u00f3n respetuosa de nuestra identidad como Pueblos Originarios\u00bb, explic\u00f3 el CEAPI en un comunicado.<\/p>\n","protected":false},"author":2,"featured_media":59516,"comment_status":"closed","ping_status":"closed","sticky":false,"template":"","format":"standard","meta":{"footnotes":""},"categories":[8],"tags":[21],"class_list":["post-59482","post","type-post","status-publish","format-standard","has-post-thumbnail","hentry","category-informe-nacional","tag-argentina"],"_links":{"self":[{"href":"http:\/\/argentinamunicipal.com.ar\/argentina\/wp-json\/wp\/v2\/posts\/59482","targetHints":{"allow":["GET"]}}],"collection":[{"href":"http:\/\/argentinamunicipal.com.ar\/argentina\/wp-json\/wp\/v2\/posts"}],"about":[{"href":"http:\/\/argentinamunicipal.com.ar\/argentina\/wp-json\/wp\/v2\/types\/post"}],"author":[{"embeddable":true,"href":"http:\/\/argentinamunicipal.com.ar\/argentina\/wp-json\/wp\/v2\/users\/2"}],"replies":[{"embeddable":true,"href":"http:\/\/argentinamunicipal.com.ar\/argentina\/wp-json\/wp\/v2\/comments?post=59482"}],"version-history":[{"count":0,"href":"http:\/\/argentinamunicipal.com.ar\/argentina\/wp-json\/wp\/v2\/posts\/59482\/revisions"}],"wp:featuredmedia":[{"embeddable":true,"href":"http:\/\/argentinamunicipal.com.ar\/argentina\/wp-json\/wp\/v2\/media\/59516"}],"wp:attachment":[{"href":"http:\/\/argentinamunicipal.com.ar\/argentina\/wp-json\/wp\/v2\/media?parent=59482"}],"wp:term":[{"taxonomy":"category","embeddable":true,"href":"http:\/\/argentinamunicipal.com.ar\/argentina\/wp-json\/wp\/v2\/categories?post=59482"},{"taxonomy":"post_tag","embeddable":true,"href":"http:\/\/argentinamunicipal.com.ar\/argentina\/wp-json\/wp\/v2\/tags?post=59482"}],"curies":[{"name":"wp","href":"https:\/\/api.w.org\/{rel}","templated":true}]}}