{"id":59494,"date":"2017-02-17T05:40:11","date_gmt":"2017-02-17T08:40:11","guid":{"rendered":"http:\/\/argentinamunicipal.com.ar\/argentina\/?p=59494"},"modified":"2017-02-17T07:43:24","modified_gmt":"2017-02-17T10:43:24","slug":"preocupacion-sector-pyme-dicen-ya-cerraron-6000","status":"publish","type":"post","link":"http:\/\/argentinamunicipal.com.ar\/argentina\/preocupacion-sector-pyme-dicen-ya-cerraron-6000\/","title":{"rendered":"Preocupaci\u00f3n en el sector PyME: dicen que ya cerraron 6000"},"content":{"rendered":"<p>Lo se\u00f1al\u00f3 a Info Regi\u00f3n el titular de Asociaci\u00f3n PyME, Daniel Moreira, quien confirm\u00f3 que el sector se sumar\u00e1 a la movilizaci\u00f3n de la CGT el 7 de marzo. \u201cDestruyeron el mercado interno y hay que sumarle la inflaci\u00f3n, los aumentos de tarifas y la apertura de las importaciones\u201d, se\u00f1al\u00f3. Tras la medida de fuerza, realizar\u00e1n un encuentro en Lan\u00fas.<\/p>\n<p>Desde el inicio de la gesti\u00f3n macrista, las Peque\u00f1as y Medianas empresas se vieron fuertemente afectadas por dos medidas que fueron dr\u00e1sticamente perjudiciales para el sector: los incrementos en las tarifas de los servicios y la decisi\u00f3n del Gobierno de abrir las importaciones. Si se tiene en cuenta que la industria nacional cay\u00f3 un 4,6 por ciento en 2016 y ya acumulaba un 5 por ciento de derrumbe en lo que va de este 2017, la situaci\u00f3n de las empresas productivas m\u00e1s chicas puede adivinarse como alarmante.<\/p>\n<p>Desde Asociaci\u00f3n PyME lo confirman. Aseguran que son seis mil las PyMEs que dejaron de funcionar y que muchas otras \u201cest\u00e1n al borde de la quiebra\u201d. \u201cTenemos datos de 6000 pymes cerradas y otras tantas que est\u00e1n en condiciones muy complicadas, como para cerrar. Estimamos que a partir de marzo va a haber una ca\u00edda muy fuerte de las PyMEs\u201d, asegura a Info Regi\u00f3n su titular, Daniel Moreira.<\/p>\n<p>Es por eso que el martes se concret\u00f3 una reuni\u00f3n entre los miembros de la Confederaci\u00f3n General Empresaria de la Rep\u00fablica Argentina (CGERA), que nuclea a las distintas asociaciones de PyMEs, y la CGT en la sede de Azopardo 802.<\/p>\n<p>\u201cLo que hicimos fue afianzar esta alianza estrat\u00e9gica con nuestro apoyo y nuestra participaci\u00f3n activa en la marcha del 7 de marzo, que no va a ser solamente de los metal\u00fargicos como se dec\u00eda al principio, sino multitudinaria de toda la CGT. Nosotros vamos a participar con CGERA e incluso hemos invitado tambi\u00e9n a la Central de Entidades Empresarias Nacionales (CEEN) y a APYME por supuesto\u201d, se\u00f1al\u00f3 Moreira, que tambi\u00e9n es miembro directivo de CGERA.<\/p>\n<p>Todas esas entidades estuvieron presentes en el encuentro en la sede de la central obrera, donde tambi\u00e9n se acord\u00f3 la realizaci\u00f3n de un panel de discusi\u00f3n, previsto para el 15 o 16 de marzo, en Lan\u00fas.<\/p>\n<p>Es que en ese distrito crearon un Frente Productivo que, adem\u00e1s de contar con referentes de la CGT y la CTA, sumar\u00e1 al CTEP y a todo el movimiento cooperativo. \u201cLa idea es peticionar en conjunto una ley contundente de defensa del trabajo argentino y la industria nacional. Y adem\u00e1s de eso consolidar un frente que se oponga al tipo de medidas que desde que el Gobierno asumi\u00f3 ha ido implementando\u201d, indic\u00f3 e hizo referencia a \u201cla destrucci\u00f3n del mercado interno\u201d.<\/p>\n<p>\u201cA eso hay que sumarle la inflaci\u00f3n, los aumentos de energ\u00eda y de todas las tarifas de servicios y la apertura de las importaciones\u201d, se\u00f1al\u00f3.<\/p>\n<p><strong>Plan de financiamiento.<\/strong> En otro orden, hizo referencia al concurso p\u00fablico impulsado por la Subsecretar\u00eda de Financiamiento de la Producci\u00f3n a fin de beneficiar a las PyMEs en el marco del Fondo Nacional de Desarrollo para la Micro, peque\u00f1a y Mediana Empresa (Fonapyme) y, en la misma l\u00ednea que Apyme, consider\u00f3 \u201cexcesivos\u201d los requisitos para poder acceder.<\/p>\n<p>\u201cEste gobierno nos tiene acostumbrados a anuncios y medidas marketineras. Hacen grandilocuencia de t\u00edtulos, pero cuando vos desmenuzas las cosas te das cuenta que no es nada\u201d, se\u00f1al\u00f3.<\/p>\n<p>Es que el plan est\u00e1 destinado a monotributistas con una antig\u00fcedad m\u00ednima de seis meses en una actividad productiva y, seg\u00fan Moreira, ese universo solamente abarca al \u201c0,02 por ciento de las PyMEs\u201d.<\/p>\n<h6>Fuente: InfoRegi\u00f3n<\/h6>\n","protected":false},"excerpt":{"rendered":"<p>Lo se\u00f1al\u00f3 a Info Regi\u00f3n el titular de Asociaci\u00f3n PyME, Daniel Moreira, quien confirm\u00f3 que el sector se sumar\u00e1 a la movilizaci\u00f3n de la CGT el 7 de marzo. <\/p>\n","protected":false},"author":2,"featured_media":59495,"comment_status":"closed","ping_status":"closed","sticky":false,"template":"","format":"standard","meta":{"footnotes":""},"categories":[8],"tags":[21],"class_list":["post-59494","post","type-post","status-publish","format-standard","has-post-thumbnail","hentry","category-informe-nacional","tag-argentina"],"_links":{"self":[{"href":"http:\/\/argentinamunicipal.com.ar\/argentina\/wp-json\/wp\/v2\/posts\/59494","targetHints":{"allow":["GET"]}}],"collection":[{"href":"http:\/\/argentinamunicipal.com.ar\/argentina\/wp-json\/wp\/v2\/posts"}],"about":[{"href":"http:\/\/argentinamunicipal.com.ar\/argentina\/wp-json\/wp\/v2\/types\/post"}],"author":[{"embeddable":true,"href":"http:\/\/argentinamunicipal.com.ar\/argentina\/wp-json\/wp\/v2\/users\/2"}],"replies":[{"embeddable":true,"href":"http:\/\/argentinamunicipal.com.ar\/argentina\/wp-json\/wp\/v2\/comments?post=59494"}],"version-history":[{"count":0,"href":"http:\/\/argentinamunicipal.com.ar\/argentina\/wp-json\/wp\/v2\/posts\/59494\/revisions"}],"wp:featuredmedia":[{"embeddable":true,"href":"http:\/\/argentinamunicipal.com.ar\/argentina\/wp-json\/wp\/v2\/media\/59495"}],"wp:attachment":[{"href":"http:\/\/argentinamunicipal.com.ar\/argentina\/wp-json\/wp\/v2\/media?parent=59494"}],"wp:term":[{"taxonomy":"category","embeddable":true,"href":"http:\/\/argentinamunicipal.com.ar\/argentina\/wp-json\/wp\/v2\/categories?post=59494"},{"taxonomy":"post_tag","embeddable":true,"href":"http:\/\/argentinamunicipal.com.ar\/argentina\/wp-json\/wp\/v2\/tags?post=59494"}],"curies":[{"name":"wp","href":"https:\/\/api.w.org\/{rel}","templated":true}]}}