{"id":59532,"date":"2017-02-20T06:42:44","date_gmt":"2017-02-20T09:42:44","guid":{"rendered":"http:\/\/argentinamunicipal.com.ar\/argentina\/?p=59532"},"modified":"2017-02-20T08:25:45","modified_gmt":"2017-02-20T11:25:45","slug":"59532","status":"publish","type":"post","link":"http:\/\/argentinamunicipal.com.ar\/argentina\/59532\/","title":{"rendered":"Ciudades resilientes: una ONG colombiana asesor\u00f3 al municipio de Santa Fe"},"content":{"rendered":"<p>Juan Carlos Franco, asesor de la Fundaci\u00f3n Mario Santo Domingo (FMSD) de Colombia, se reuni\u00f3 con funcionarios para analizar c\u00f3mo abordar el d\u00e9ficit de vivienda, en especial de las familias que viven en zonas inundables.<\/p>\n<p>En el marco de la elaboraci\u00f3n de la estrategia de resiliencia, el gobierno de la ciudad recibi\u00f3 la visita t\u00e9cnica del especialista Juan Carlos Franco, asesor y ex director de la prestigiosa Fundaci\u00f3n Mario Santo Domingo (FMSD) de Colombia. Durante dos d\u00edas, el experto brind\u00f3 asesoramiento a funcionarios municipales en torno de pol\u00edticas de h\u00e1bitat y vivienda y dio detalles de los proyectos y dispositivos de intervenci\u00f3n social que conforman el programa de Desarrollo Integral de Comunidades Sostenibles que la fundaci\u00f3n viene concretando en tres ciudades colombianas, con la construcci\u00f3n de m\u00e1s de 6.000 viviendas. Adem\u00e1s, mantuvo un encuentro con el intendente Jos\u00e9 Corral en el que plante\u00f3 algunas de las l\u00edneas de trabajo que se pueden llevar adelante en la materia. \u201cLa actividad form\u00f3 parte de las acciones previstas en Santa Fe dentro de la Red 100 Ciudades Resilientes (100RC) que impulsa la Fundaci\u00f3n Rockefeller, dado que la FMSD es una de las entidades y empresas que integran la plataforma de socios que brindan soluciones para las ciudades miembro a trav\u00e9s de diferentes servicios y apoyos sin costo\u201d, explic\u00f3 Andrea Valsagna, directora de Resiliencia de la ciudad.<\/p>\n<p>La agenda de actividades en Santa Fe se complet\u00f3 con un trabajo en terreno para conocer las experiencias de los Programas Urbano-Integrales que lleva adelante el municipio en Barranquitas y Coronel Dorrego, as\u00ed como los planes de vivienda que se est\u00e1n construyendo para las familias afectadas por las inundaciones en Nueva Esperanza Este, que cuentan con financiamiento nacional.<\/p>\n<p><strong>La experiencia de la Fundaci\u00f3n<\/strong><\/p>\n<p>La FMSD cuenta con una trayectoria de m\u00e1s de 55 a\u00f1os como entidad filantr\u00f3pica y es reconocida a nivel internacional por la reconstrucci\u00f3n de viviendas afectadas por desastres y por la puesta en marcha de un modelo innovador para la construcci\u00f3n de viviendas sociales que se denomina Desarrollo Integral de Comunidades Sostenibles (Dincs).<\/p>\n<p>Juan Carlos Franco explic\u00f3 que este enfoque se centra \u201cen la implementaci\u00f3n de mecanismos que promuevan el fortalecimiento del capital econ\u00f3mico, social y ambiental de las comunidades, quienes lideran sus procesos de desarrollo local integr\u00e1ndose en un programa de construcci\u00f3n de viviendas e infraestructura en un territorio delimitado\u201d.<\/p>\n<p>Esta propuesta contempla la estructuraci\u00f3n de \u201cveh\u00edculos de impacto colectivo\u201d que suman las capacidades de diferentes agencias estatales, empresas privadas, universidades y ONG, poniendo a las comunidades en el centro de la discusi\u00f3n.<\/p>\n<p>En la actualidad, la Fundaci\u00f3n colombiana lleva adelante tres intervenciones con este modelo en las ciudades de Barranquilla (\u201cVillas de San Pablo\u201d), Cartagena (\u201cCiudad del Bicentenario\u201d) y en Isla Bar\u00fa. Una de las particularidades de estas intervenciones es la escala de los macroproyectos, que se plantean la construcci\u00f3n de cerca de 40.000 viviendas, de las cuales ya est\u00e1n finalizados 6.300 hogares, en las que viven cerca de 25.000 personas de bajos recursos, en barrios que ya cuentan con escuelas, centros de salud y de primera infancia, de apoyo tecnol\u00f3gico y empleo, entre otros.<\/p>\n<p><strong>Los desaf\u00edos para Santa Fe<\/strong><\/p>\n<p>Luego de reunirse con el especialista colombiano, la directora de Resiliencia destac\u00f3 la oportunidad de contar con el asesoramiento y que los equipos de H\u00e1bitat y Vivienda, Educaci\u00f3n, Escuelas de Trabajo, Desarrollo Social, Planeamiento y de Salud podamos conocer la experiencia que lleva adelante la Fundaci\u00f3n Mario Santo Domingo.<\/p>\n<p>\u201cEs una ONG muy prestigiosa que desarrolla un trabajo muy interesante y a gran escala en una problem\u00e1tica que tenemos en Santa Fe, vinculada con el acceso a la vivienda, a la relocalizaci\u00f3n de familias que viven en zonas inundables, al mejoramiento del entorno de los barrios, con vistas a construir un mejor h\u00e1bitat para todos. \u00c9ste es, precisamente, uno de los ejes que estamos trabajando en el marco del Plan de Resiliencia de la ciudad\u201d, detall\u00f3 Valsagna.<\/p>\n<p>\u201cEn este proceso, es muy significativo que veamos c\u00f3mo otras ciudades han abordado esta problem\u00e1tica, qu\u00e9 experiencias podemos aprender para mejorar las acciones que nosotros estamos emprendiendo\u201d, explic\u00f3 Valsagna.<\/p>\n<p>Al respecto, Franco se\u00f1al\u00f3: \u201cSanta Fe es una ciudad fascinante, con una estructura urbana muy valiosa, con historia, con gente, con arquitectura, con clima, con medio ambiente, con actividad y con infinidad de valores urbanos\u201d. El experto reconoci\u00f3 que en materia de h\u00e1bitat para familias m\u00e1s vulnerables y para personas que viven en zonas de riesgo, la ciudad tiene desaf\u00edos importantes, para lo cual es necesario que el liderazgo y compromiso por parte de la comunidad sean muy firmes.<\/p>\n<p>\u201cPara que el distrito pueda acompa\u00f1ar a las comunidades en el proceso de transformaci\u00f3n de sus condiciones de h\u00e1bitat urbano \u2014insisti\u00f3\u2014, creo que hay desaf\u00edos muy importantes en t\u00e9rminos de articular aliados p\u00fablicos y privados interesados en el adecuado desarrollo de la ciudad de Santa Fe\u201d.<\/p>\n<p>El especialista subray\u00f3 la importancia que guarda \u201cel compromiso y participaci\u00f3n de la comunidad que va a ver transformado su h\u00e1bitat, porque hay que entender que estas intervenciones lo que buscan es un cambio de vida de las familias\u201d.<\/p>\n<p>Es por ello que Franco plantea que es clave la participaci\u00f3n articulada y comprometida de actores p\u00fablicos y privados, de propietarios del suelo, de desarrolladores inmobiliarios, de constructores, de proveedores de materiales de construcci\u00f3n, de financiadores, de entidades de operaciones microfinancieras, de organizaciones de la sociedad civil y de sindicatos. \u201cEntre muchos otros actores que tienen que jugar un rol muy valioso para la construcci\u00f3n de ese h\u00e1bitat que so\u00f1amos para Santa Fe\u201d, concluy\u00f3 el experto colombiano.<\/p>\n<p><strong>Desarrollo Integral<\/strong><\/p>\n<p>Como se explica en la p\u00e1gina web de la Fundaci\u00f3n Mario Santo Domingo (FMSD), el proceso de Desarrollo Integral de Comunidades Sostenibles (DINCS) se puede dividir en 4 etapas: * La primera de ellas se denomina habilitaci\u00f3n del suelo, es decir, identificar las \u00e1reas que se utilizar\u00e1n para la construcci\u00f3n de vivienda y las \u00e1reas de cesi\u00f3n (aquellas que se deben dejar para zonas verdes, instalaci\u00f3n de redes de servicios etc.). En esta misma etapa, se adelantan las obras de urbanismo b\u00e1sico; es decir, que se instalan las redes y se construyen v\u00edas de acceso.<br \/>\nEn una segunda etapa, se inicia la construcci\u00f3n de viviendas y se asegura la conectividad a redes y servicios p\u00fablicos.<br \/>\nEn una tercera etapa, que en muchos casos debe darse en paralelo a la segunda etapa, se adelanta la dotaci\u00f3n de infraestructura social y se inicia la conformaci\u00f3n de instancias de participaci\u00f3n y decisi\u00f3n comunitaria.<br \/>\nEn una cuarta etapa, la idea es desarrollar pol\u00edticas que promuevan la sostenibilidad de la comunidad, asegurando que las rutas institucionales de ejercicio de derechos est\u00e9n activadas, y que la comunidad encuentre su balanza comercial.<\/p>\n<h6>Fuente: El Litoral Santa fe<\/h6>\n","protected":false},"excerpt":{"rendered":"<p>Juan Carlos Franco, asesor de la Fundaci\u00f3n Mario Santo Domingo (FMSD) de Colombia, se reuni\u00f3 con funcionarios para analizar c\u00f3mo abordar el d\u00e9ficit de vivienda, en especial de las familias que viven en zonas inundables.<\/p>\n","protected":false},"author":2,"featured_media":59533,"comment_status":"closed","ping_status":"closed","sticky":false,"template":"","format":"standard","meta":{"footnotes":""},"categories":[2],"tags":[10],"class_list":["post-59532","post","type-post","status-publish","format-standard","has-post-thumbnail","hentry","category-informe-municipal","tag-santa-fe"],"_links":{"self":[{"href":"http:\/\/argentinamunicipal.com.ar\/argentina\/wp-json\/wp\/v2\/posts\/59532","targetHints":{"allow":["GET"]}}],"collection":[{"href":"http:\/\/argentinamunicipal.com.ar\/argentina\/wp-json\/wp\/v2\/posts"}],"about":[{"href":"http:\/\/argentinamunicipal.com.ar\/argentina\/wp-json\/wp\/v2\/types\/post"}],"author":[{"embeddable":true,"href":"http:\/\/argentinamunicipal.com.ar\/argentina\/wp-json\/wp\/v2\/users\/2"}],"replies":[{"embeddable":true,"href":"http:\/\/argentinamunicipal.com.ar\/argentina\/wp-json\/wp\/v2\/comments?post=59532"}],"version-history":[{"count":0,"href":"http:\/\/argentinamunicipal.com.ar\/argentina\/wp-json\/wp\/v2\/posts\/59532\/revisions"}],"wp:featuredmedia":[{"embeddable":true,"href":"http:\/\/argentinamunicipal.com.ar\/argentina\/wp-json\/wp\/v2\/media\/59533"}],"wp:attachment":[{"href":"http:\/\/argentinamunicipal.com.ar\/argentina\/wp-json\/wp\/v2\/media?parent=59532"}],"wp:term":[{"taxonomy":"category","embeddable":true,"href":"http:\/\/argentinamunicipal.com.ar\/argentina\/wp-json\/wp\/v2\/categories?post=59532"},{"taxonomy":"post_tag","embeddable":true,"href":"http:\/\/argentinamunicipal.com.ar\/argentina\/wp-json\/wp\/v2\/tags?post=59532"}],"curies":[{"name":"wp","href":"https:\/\/api.w.org\/{rel}","templated":true}]}}