{"id":59550,"date":"2017-02-20T07:07:07","date_gmt":"2017-02-20T10:07:07","guid":{"rendered":"http:\/\/argentinamunicipal.com.ar\/argentina\/?p=59550"},"modified":"2017-02-20T07:07:07","modified_gmt":"2017-02-20T10:07:07","slug":"la-cgt-rechaza-tope-las-paritarias-nadie-va-discutir-alrededor-del-18-dijo-schmid","status":"publish","type":"post","link":"http:\/\/argentinamunicipal.com.ar\/argentina\/la-cgt-rechaza-tope-las-paritarias-nadie-va-discutir-alrededor-del-18-dijo-schmid\/","title":{"rendered":"La CGT rechaza el tope en las paritarias: \u201cNadie va a discutir alrededor del 18%\u201d, dijo Schmid"},"content":{"rendered":"<p>\u201cSi no hay una moneda en el bolsillo de los trabajadores, a qui\u00e9n le importa la inflaci\u00f3n\u201d, ratific\u00f3 el integrante del triunvirato que conduce la central sindical.<\/p>\n<p>Juan Carlos Schmid, integrante del triunvirato que conduce la Confederaci\u00f3n General del Trabajo (CGT), rechaz\u00f3 cualquier techo que se busque fijar para las negociaciones paritarias al remarcar que \u201csi no hay una moneda en el bolsillo de los trabajadores, a qui\u00e9n le importa la inflaci\u00f3n\u201d.<\/p>\n<p>\u201cQue se olviden de que los sindicatos van a discutir salarios con esa referencia, con esa limitaci\u00f3n. Nadie va a discutir alrededor del 18 por ciento cuando en los primeros meses ya hay impacto con el cuadro tarifario en peajes, en salud y en educaci\u00f3n\u201d, agreg\u00f3 el referente sindical. En una entrevista con el diario La Voz del Interior, Schmid tom\u00f3 distancia del aumento del 18 por ciento que la gobernadora bonaerense, Mar\u00eda Eugenia Vidal, cerr\u00f3 con empleados estatales y que se observ\u00f3 como una referencia en el inicio de las negociaciones paritarias.<\/p>\n<p>Te puede interesar: La CGT anunci\u00f3 una movilizaci\u00f3n para el 7 de marzo, El gobierno calific\u00f3 de \u201cpol\u00edtico\u201d el paro de la CGT, La CTA tambi\u00e9n har\u00e1 un paro nacional en marzo<\/p>\n<p>\u201cEs probable que ac\u00e1 haya un descenso de la inflaci\u00f3n con respecto al a\u00f1o anterior, pero insisto: si no hay una moneda en el bolsillo de los trabajadores, a qui\u00e9n le importa la inflaci\u00f3n\u201d, ratific\u00f3.<\/p>\n<p>Schmid subray\u00f3 que \u201clas paritarias tienen que ser libres\u201d porque, explic\u00f3, \u201ces un acuerdo entre partes y no tiene que intervenir el Estado\u201d.<\/p>\n<p>\u201cLa estamos viendo mal. Hay miles de suspensiones, hay ca\u00edda del consumo, no arranca la econom\u00eda, no hay certezas de c\u00f3mo esto puede evolucionar hacia adelante. As\u00ed que nuestra mirada es cr\u00edtica\u201d, plante\u00f3.<\/p>\n<p>Al respecto, el dirigente sindical detall\u00f3 que \u201chay industrias que han sido muy golpeadas por las importaciones, pero tambi\u00e9n hay lugares que est\u00e1n en una situaci\u00f3n muy dif\u00edcil, producto de la retracci\u00f3n de la econom\u00eda. De modo tal que el famoso arranque de marzo cada vez se pone m\u00e1s en duda\u201d.<\/p>\n<h6>Fuente: r\u00edo Negro<\/h6>\n","protected":false},"excerpt":{"rendered":"<p>\u201cSi no hay una moneda en el bolsillo de los trabajadores, a qui\u00e9n le importa la inflaci\u00f3n\u201d, ratific\u00f3 el integrante del triunvirato que conduce la central sindical.<\/p>\n","protected":false},"author":2,"featured_media":59551,"comment_status":"closed","ping_status":"closed","sticky":false,"template":"","format":"standard","meta":{"footnotes":""},"categories":[8],"tags":[21],"class_list":["post-59550","post","type-post","status-publish","format-standard","has-post-thumbnail","hentry","category-informe-nacional","tag-argentina"],"_links":{"self":[{"href":"http:\/\/argentinamunicipal.com.ar\/argentina\/wp-json\/wp\/v2\/posts\/59550","targetHints":{"allow":["GET"]}}],"collection":[{"href":"http:\/\/argentinamunicipal.com.ar\/argentina\/wp-json\/wp\/v2\/posts"}],"about":[{"href":"http:\/\/argentinamunicipal.com.ar\/argentina\/wp-json\/wp\/v2\/types\/post"}],"author":[{"embeddable":true,"href":"http:\/\/argentinamunicipal.com.ar\/argentina\/wp-json\/wp\/v2\/users\/2"}],"replies":[{"embeddable":true,"href":"http:\/\/argentinamunicipal.com.ar\/argentina\/wp-json\/wp\/v2\/comments?post=59550"}],"version-history":[{"count":0,"href":"http:\/\/argentinamunicipal.com.ar\/argentina\/wp-json\/wp\/v2\/posts\/59550\/revisions"}],"wp:featuredmedia":[{"embeddable":true,"href":"http:\/\/argentinamunicipal.com.ar\/argentina\/wp-json\/wp\/v2\/media\/59551"}],"wp:attachment":[{"href":"http:\/\/argentinamunicipal.com.ar\/argentina\/wp-json\/wp\/v2\/media?parent=59550"}],"wp:term":[{"taxonomy":"category","embeddable":true,"href":"http:\/\/argentinamunicipal.com.ar\/argentina\/wp-json\/wp\/v2\/categories?post=59550"},{"taxonomy":"post_tag","embeddable":true,"href":"http:\/\/argentinamunicipal.com.ar\/argentina\/wp-json\/wp\/v2\/tags?post=59550"}],"curies":[{"name":"wp","href":"https:\/\/api.w.org\/{rel}","templated":true}]}}