{"id":59606,"date":"2017-02-21T06:41:29","date_gmt":"2017-02-21T09:41:29","guid":{"rendered":"http:\/\/argentinamunicipal.com.ar\/argentina\/?p=59606"},"modified":"2017-02-21T06:41:29","modified_gmt":"2017-02-21T09:41:29","slug":"la-cgt-ya-apoyo-del-pj-7-marzo-ahora-van-los-esmeralda","status":"publish","type":"post","link":"http:\/\/argentinamunicipal.com.ar\/argentina\/la-cgt-ya-apoyo-del-pj-7-marzo-ahora-van-los-esmeralda\/","title":{"rendered":"La CGT ya tiene el apoyo del PJ para el 7 de marzo, ahora van por los Esmeralda"},"content":{"rendered":"<p>El Partido Justicialista confirm\u00f3 su apoyo \u00aborg\u00e1nico e institucional\u00bb a la marcha convocada para el 7 de marzo, tras una reuni\u00f3n con la c\u00fapula sindical. Seg\u00fan trascendi\u00f3 en las \u00faltimas horas, la CGT recibir\u00e1 ma\u00f1ana a intendentes del grupo Esmeralda para sumar apoyo a movilizaci\u00f3n.<\/p>\n<p>El Partido Justicialista, liderado por el exgobernador sanjuanino Jos\u00e9 Luis Gioja, recibi\u00f3 esta tarde a las autoridades de la CGT en la sede nacional partidaria. Los representantes expresaron su apoyo \u00aborg\u00e1nico e institucional\u00bb a la marcha de protesta convocada por la CGT el 7 de marzo, tras el encuentro que mantuvieron los representantes del peronismo a nivel nacional y la c\u00fapula de la central sindical.<\/p>\n<p>\u00abCompartimos desde el justicialismo, org\u00e1nica e institucionalmente el apoyo a la marcha del pr\u00f3ximo 7 de marzo y a cualquier otro acto que est\u00e9 en l\u00ednea con esto de recuperar derechos\u00bb, se\u00f1al\u00f3 el presidente del PJ Nacional, Jos\u00e9 Luis Gioja, tras la reuni\u00f3n que mantuvieron con los representantes de la central obrera.<\/p>\n<p>En conferencia de prensa, Gioja asegur\u00f3, de cara a los comicios, que \u00abvamos con un PJ moviliz\u00e1ndose\u201d y aclar\u00f3 que \u201cesto no se trata de una interna electoral\u201d.<\/p>\n<p>Por su parte, H\u00e9ctor Daer, secretario general de la Asociaci\u00f3n de Trabajadores de la Sanidad de Argentina (ATSA) y uno de los tres titulares de la CGT, agradeci\u00f3 la invitaci\u00f3n a la sede del PJ, a la que asegur\u00f3 sienten como su casa. \u00abLa CGT es peronista, la mayor\u00eda lo somos\u201d. Pero remarc\u00f3 que tambi\u00e9n es pluralista y que \u201cde ahora en m\u00e1s\u201d la organizaci\u00f3n ser\u00e1 respetuosa de esa pluralidad. \u201cDe lo que no caben dudas es de que tenemos coincidencias con el Partido Justicialista\u00bb, remarc\u00f3.<\/p>\n<p>Adem\u00e1s, destac\u00f3 su entusiasmo por haber acercado posiciones sobre la movilizaci\u00f3n hacia el Ministerio de la Producci\u00f3n, que planean \u201ccomo consecuencia del incumplimiento por parte del gobierno nacional y las c\u00e1maras empresarias de lo pactado en la decretada Mesa de Di\u00e1logo tripartita\u00bb, en referencia al espacio creado tras el veto de la ley antidespidos.<\/p>\n<p>Durante la conferencia, Daer adelant\u00f3 que ma\u00f1ana mantendr\u00e1n un encuentro con representantes del Partido Socialista y el mi\u00e9rcoles, se reunir\u00e1n con el Frente Renovador y asegur\u00f3 que tambi\u00e9n le pidieron una reuni\u00f3n al presidente del PRO, \u201cpero nos dijo que estaba de viaje con el Presidente\u201d.<\/p>\n<p>Seg\u00fan trascendi\u00f3 en las \u00faltimas horas,\u00a0la\u00a0CGT\u00a0que integran Juan Carlos Schmid, Carlos Acu\u00f1a y H\u00e9ctor Daer\u00a0recibir\u00e1 ma\u00f1ana a intendentes del grupo Esmeralda para sumar apoyo a movilizaci\u00f3n.<\/p>\n<h6>Fuente: InfoCielo<\/h6>\n","protected":false},"excerpt":{"rendered":"<p>El Partido Justicialista confirm\u00f3 su apoyo \u00aborg\u00e1nico e institucional\u00bb a la marcha convocada para el 7 de marzo, tras una reuni\u00f3n con la c\u00fapula sindical. <\/p>\n","protected":false},"author":2,"featured_media":59607,"comment_status":"closed","ping_status":"closed","sticky":false,"template":"","format":"standard","meta":{"footnotes":""},"categories":[8],"tags":[21],"class_list":["post-59606","post","type-post","status-publish","format-standard","has-post-thumbnail","hentry","category-informe-nacional","tag-argentina"],"_links":{"self":[{"href":"http:\/\/argentinamunicipal.com.ar\/argentina\/wp-json\/wp\/v2\/posts\/59606","targetHints":{"allow":["GET"]}}],"collection":[{"href":"http:\/\/argentinamunicipal.com.ar\/argentina\/wp-json\/wp\/v2\/posts"}],"about":[{"href":"http:\/\/argentinamunicipal.com.ar\/argentina\/wp-json\/wp\/v2\/types\/post"}],"author":[{"embeddable":true,"href":"http:\/\/argentinamunicipal.com.ar\/argentina\/wp-json\/wp\/v2\/users\/2"}],"replies":[{"embeddable":true,"href":"http:\/\/argentinamunicipal.com.ar\/argentina\/wp-json\/wp\/v2\/comments?post=59606"}],"version-history":[{"count":0,"href":"http:\/\/argentinamunicipal.com.ar\/argentina\/wp-json\/wp\/v2\/posts\/59606\/revisions"}],"wp:featuredmedia":[{"embeddable":true,"href":"http:\/\/argentinamunicipal.com.ar\/argentina\/wp-json\/wp\/v2\/media\/59607"}],"wp:attachment":[{"href":"http:\/\/argentinamunicipal.com.ar\/argentina\/wp-json\/wp\/v2\/media?parent=59606"}],"wp:term":[{"taxonomy":"category","embeddable":true,"href":"http:\/\/argentinamunicipal.com.ar\/argentina\/wp-json\/wp\/v2\/categories?post=59606"},{"taxonomy":"post_tag","embeddable":true,"href":"http:\/\/argentinamunicipal.com.ar\/argentina\/wp-json\/wp\/v2\/tags?post=59606"}],"curies":[{"name":"wp","href":"https:\/\/api.w.org\/{rel}","templated":true}]}}