{"id":59630,"date":"2017-02-21T06:30:46","date_gmt":"2017-02-21T09:30:46","guid":{"rendered":"http:\/\/argentinamunicipal.com.ar\/argentina\/?p=59630"},"modified":"2017-02-21T07:19:23","modified_gmt":"2017-02-21T10:19:23","slug":"municipio-santa-fe-incorpora-90-bicicletas-subite-la-bici","status":"publish","type":"post","link":"http:\/\/argentinamunicipal.com.ar\/argentina\/municipio-santa-fe-incorpora-90-bicicletas-subite-la-bici\/","title":{"rendered":"El Municipio de Santa Fe incorpora 90 bicicletas a Subite a la Bici"},"content":{"rendered":"<p>El intendente Jos\u00e9 Corral visitar\u00e1 este martes la Estaci\u00f3n Belgrano donde se realizar\u00e1 la presentaci\u00f3n de los nuevos rodados del programa que impulsa el Municipio. Adem\u00e1s, en este espacio se instalar\u00e1 la primera Biciestaci\u00f3n de la Ciudad.<\/p>\n<p>En el marco de las acciones que desarrolla el Gobierno de la Ciudad para promover formas de movilidad urbana m\u00e1s eficientes, este martes el intendente Jos\u00e9 Corral presentar\u00e1 en la Estaci\u00f3n Belgrano las 90 nuevas bicicletas que el Municipio incorpor\u00f3 al sistema Subite a la Bici. Adem\u00e1s, la oportunidad ser\u00e1 propicia para que el mandatario local habilite la primera Biciestaci\u00f3n, un innovador dispositivo de auto servicio que tiene como fin inmediato que los ciclistas puedan contar con mobiliarios urbanos para poder arreglar su bicicletas, para lo cual cuenta con herramientas y un inflador de uso p\u00fablico y gratuito.<\/p>\n<p>La actividad, que contar\u00e1 con la presencia de representantes del colectivo Santa Fe en Bici, se concretar\u00e1 este martes a las 10 en la Estaci\u00f3n Belgrano, Centro de Convenciones ubicado en Bulevar G\u00e1lvez 1150.<\/p>\n<h6>Fuente: Sin Mordaza<\/h6>\n","protected":false},"excerpt":{"rendered":"<p>El intendente Jos\u00e9 Corral visitar\u00e1 este martes la Estaci\u00f3n Belgrano donde se realizar\u00e1 la presentaci\u00f3n de los nuevos rodados del programa que impulsa el Municipio.<\/p>\n","protected":false},"author":2,"featured_media":59631,"comment_status":"closed","ping_status":"closed","sticky":false,"template":"","format":"standard","meta":{"footnotes":""},"categories":[2],"tags":[10],"class_list":["post-59630","post","type-post","status-publish","format-standard","has-post-thumbnail","hentry","category-informe-municipal","tag-santa-fe"],"_links":{"self":[{"href":"http:\/\/argentinamunicipal.com.ar\/argentina\/wp-json\/wp\/v2\/posts\/59630","targetHints":{"allow":["GET"]}}],"collection":[{"href":"http:\/\/argentinamunicipal.com.ar\/argentina\/wp-json\/wp\/v2\/posts"}],"about":[{"href":"http:\/\/argentinamunicipal.com.ar\/argentina\/wp-json\/wp\/v2\/types\/post"}],"author":[{"embeddable":true,"href":"http:\/\/argentinamunicipal.com.ar\/argentina\/wp-json\/wp\/v2\/users\/2"}],"replies":[{"embeddable":true,"href":"http:\/\/argentinamunicipal.com.ar\/argentina\/wp-json\/wp\/v2\/comments?post=59630"}],"version-history":[{"count":0,"href":"http:\/\/argentinamunicipal.com.ar\/argentina\/wp-json\/wp\/v2\/posts\/59630\/revisions"}],"wp:featuredmedia":[{"embeddable":true,"href":"http:\/\/argentinamunicipal.com.ar\/argentina\/wp-json\/wp\/v2\/media\/59631"}],"wp:attachment":[{"href":"http:\/\/argentinamunicipal.com.ar\/argentina\/wp-json\/wp\/v2\/media?parent=59630"}],"wp:term":[{"taxonomy":"category","embeddable":true,"href":"http:\/\/argentinamunicipal.com.ar\/argentina\/wp-json\/wp\/v2\/categories?post=59630"},{"taxonomy":"post_tag","embeddable":true,"href":"http:\/\/argentinamunicipal.com.ar\/argentina\/wp-json\/wp\/v2\/tags?post=59630"}],"curies":[{"name":"wp","href":"https:\/\/api.w.org\/{rel}","templated":true}]}}