{"id":59684,"date":"2017-02-22T06:53:00","date_gmt":"2017-02-22T09:53:00","guid":{"rendered":"http:\/\/argentinamunicipal.com.ar\/argentina\/?p=59684"},"modified":"2017-02-22T06:53:00","modified_gmt":"2017-02-22T09:53:00","slug":"volvieron-las-ollas-populares-cortes-reclamar-se-declare-la-emergencia-social","status":"publish","type":"post","link":"http:\/\/argentinamunicipal.com.ar\/argentina\/volvieron-las-ollas-populares-cortes-reclamar-se-declare-la-emergencia-social\/","title":{"rendered":"Volvieron las ollas populares y cortes para reclamar que se declare la \u00abemergencia social\u00bb"},"content":{"rendered":"<p>Cientos de militantes de Barrios de Pie instalaban este mediod\u00eda ollas populares en varios puntos de la Provincia y la Ciudad de Buenos Aires para pedir que se declare \u00abla emergencia social\u00bb por el aumento del desempleo y del costo de vida.<\/p>\n<p>Unos tres mil\u00a0manifestantes de la agrupaci\u00f3n Barrios de Pie realiza\u00a0ollas populares y acampes en la Provincia y la Ciudad de Buenos Aires y en todo el pa\u00eds en protesta contra la \u00abdiscontinuidad\u00bb de planes sociales en el \u00e1rea del Ministerio de Trabajo.<\/p>\n<p>En tanto, efectivos de Prefectura y de la Polic\u00eda Federal cortaban esta ma\u00f1ana la subida del Puente Pueyrred\u00f3n, a la altura de la localidad bonaerense de Avellaneda, para impedir que marchen por all\u00ed los manifestantes, quienes reclaman por el recorte de 20 mil planes sociales y la declaraci\u00f3n de \u00abemergencia social\u00bb.<\/p>\n<p>\u00abVamos a avanzar porque ac\u00e1 la gente est\u00e1 jugada, perdi\u00f3 su sueldo y necesita cobrar\u00bb, advirti\u00f3 el referente de la agrupaci\u00f3n Jos\u00e9 Oscari, quien asegur\u00f3 que est\u00e1n \u00absorprendidos\u00bb por la decisi\u00f3n de la Polic\u00eda de no dejarlos acceder al Puente para marchar hasta el Obelisco porte\u00f1o.<\/p>\n<p>En tanto, desde la Polic\u00eda Federal enfatizaron, en declaraciones al canal de noticias TN, que \u00abla orden es que por el momento no pasen\u00bb, por lo que manten\u00edan totalmente cortada la subida de Avellaneda.<\/p>\n<h6>Fuente: InfoCielo<\/h6>\n","protected":false},"excerpt":{"rendered":"<p>Cientos de militantes de Barrios de Pie instalaban este mediod\u00eda ollas populares en varios puntos de la Provincia y la Ciudad de Buenos Aires para pedir que se declare \u00abla emergencia social\u00bb por el aumento del desempleo y del costo de vida.<\/p>\n","protected":false},"author":2,"featured_media":59685,"comment_status":"closed","ping_status":"closed","sticky":false,"template":"","format":"standard","meta":{"footnotes":""},"categories":[8],"tags":[21],"class_list":["post-59684","post","type-post","status-publish","format-standard","has-post-thumbnail","hentry","category-informe-nacional","tag-argentina"],"_links":{"self":[{"href":"http:\/\/argentinamunicipal.com.ar\/argentina\/wp-json\/wp\/v2\/posts\/59684","targetHints":{"allow":["GET"]}}],"collection":[{"href":"http:\/\/argentinamunicipal.com.ar\/argentina\/wp-json\/wp\/v2\/posts"}],"about":[{"href":"http:\/\/argentinamunicipal.com.ar\/argentina\/wp-json\/wp\/v2\/types\/post"}],"author":[{"embeddable":true,"href":"http:\/\/argentinamunicipal.com.ar\/argentina\/wp-json\/wp\/v2\/users\/2"}],"replies":[{"embeddable":true,"href":"http:\/\/argentinamunicipal.com.ar\/argentina\/wp-json\/wp\/v2\/comments?post=59684"}],"version-history":[{"count":0,"href":"http:\/\/argentinamunicipal.com.ar\/argentina\/wp-json\/wp\/v2\/posts\/59684\/revisions"}],"wp:featuredmedia":[{"embeddable":true,"href":"http:\/\/argentinamunicipal.com.ar\/argentina\/wp-json\/wp\/v2\/media\/59685"}],"wp:attachment":[{"href":"http:\/\/argentinamunicipal.com.ar\/argentina\/wp-json\/wp\/v2\/media?parent=59684"}],"wp:term":[{"taxonomy":"category","embeddable":true,"href":"http:\/\/argentinamunicipal.com.ar\/argentina\/wp-json\/wp\/v2\/categories?post=59684"},{"taxonomy":"post_tag","embeddable":true,"href":"http:\/\/argentinamunicipal.com.ar\/argentina\/wp-json\/wp\/v2\/tags?post=59684"}],"curies":[{"name":"wp","href":"https:\/\/api.w.org\/{rel}","templated":true}]}}