{"id":59696,"date":"2017-02-22T07:07:45","date_gmt":"2017-02-22T10:07:45","guid":{"rendered":"http:\/\/argentinamunicipal.com.ar\/argentina\/?p=59696"},"modified":"2017-02-22T07:07:45","modified_gmt":"2017-02-22T10:07:45","slug":"alcaldes-del-mundo-discutieron-prioridades-las-ciudades","status":"publish","type":"post","link":"http:\/\/argentinamunicipal.com.ar\/argentina\/alcaldes-del-mundo-discutieron-prioridades-las-ciudades\/","title":{"rendered":"Alcaldes del mundo discutieron prioridades de las ciudades"},"content":{"rendered":"<p>\u00abVenimos con la idea de llevarnos objetivos claros y colaborativos. Los ciudadanos quieren saber cu\u00e1l es nuestro rol para generar esta nueva agenda urbana\u00bb, sostuvo Fein durante el foro en Barcelona.<\/p>\n<p>Este lunes 20 de febrero, la intendenta M\u00f3nica Fein particip\u00f3 de la reuni\u00f3n anual de presidencia de Ciudades y Gobiernos Locales Unidos (CGLU), realizada en Barcelona (Espa\u00f1a), donde los alcaldes y autoridades de las principales ciudades del mundo iniciaron la discusi\u00f3n de la nueva agenda urbana con proyecci\u00f3n a 2030, replanteando temas y objetivos comunes.<\/p>\n<p>El encuentro se realiz\u00f3 en el Sal\u00f3 de Cent, un recinto hist\u00f3rico de Barcelona que data del siglo XII, y fue encabezado por la alcaldesa de la ciudad catalana, Ada Colau, quien recibi\u00f3 a los intendentes del mundo. Los representantes de todos los continentes tuvieron oportunidad de plantear sus prioridades para continuar con una ronda de debate de tem\u00e1ticas comunes.<\/p>\n<p>\u00abVenimos con la idea de llevarnos objetivos claros y colaborativos. Los ciudadanos quieren saber cu\u00e1l es nuestro rol para generar esta nueva agenda urbana y nuestro compromiso es poder trasladar los debates que protagonizamos en estos espacios a la mejora de la calidad de vida de quienes representamos. C\u00f3mo aseguramos el ejercicio del derecho a la ciudad , a la vivienda, a la movilidad sustentable o c\u00f3mo articulamos contra el cambio clim\u00e1tico\u00bb, destac\u00f3 Fein, a cargo de la vicepresidencia de la red de ciudades, durante su exposici\u00f3n.<\/p>\n<p>\u00abNuestra presencia aqu\u00ed es el resultado de un proceso de construcci\u00f3n en Am\u00e9rica Latina, de la unidad en la diversidad, de Mercociudades, Flacma (Federaci\u00f3n Latino\u00e1mericana de Ciudades, Municipios y Asociaciones Municipalistas), Ucci (Uni\u00f3n de Ciudades Capitales Iberoamericanas), entre otras\u00bb, Indic\u00f3 Fein, y agreg\u00f3: \u00abCreo que el gran desaf\u00edo de fondo es la implementaci\u00f3n en nuestras ciudades de la nueva agenda urbana y la agenda 2030. Estamos representando ciudadanos y ciudadanas, en nuestro caso de Latinoam\u00e9rica, que viven en una profunda desigualdad, que sufren las problem\u00e1ticas producidas por el cambio clim\u00e1tico, esos son los temas que debemos priorizar\u00bb.<\/p>\n<h6>Fuente: Sin Mordaza<\/h6>\n","protected":false},"excerpt":{"rendered":"<p>\u00abVenimos con la idea de llevarnos objetivos claros y colaborativos. Los ciudadanos quieren saber cu\u00e1l es nuestro rol para generar esta nueva agenda urbana\u00bb, sostuvo Fein durante el foro en Barcelona.<\/p>\n","protected":false},"author":2,"featured_media":59697,"comment_status":"closed","ping_status":"closed","sticky":false,"template":"","format":"standard","meta":{"footnotes":""},"categories":[2],"tags":[10],"class_list":["post-59696","post","type-post","status-publish","format-standard","has-post-thumbnail","hentry","category-informe-municipal","tag-santa-fe"],"_links":{"self":[{"href":"http:\/\/argentinamunicipal.com.ar\/argentina\/wp-json\/wp\/v2\/posts\/59696","targetHints":{"allow":["GET"]}}],"collection":[{"href":"http:\/\/argentinamunicipal.com.ar\/argentina\/wp-json\/wp\/v2\/posts"}],"about":[{"href":"http:\/\/argentinamunicipal.com.ar\/argentina\/wp-json\/wp\/v2\/types\/post"}],"author":[{"embeddable":true,"href":"http:\/\/argentinamunicipal.com.ar\/argentina\/wp-json\/wp\/v2\/users\/2"}],"replies":[{"embeddable":true,"href":"http:\/\/argentinamunicipal.com.ar\/argentina\/wp-json\/wp\/v2\/comments?post=59696"}],"version-history":[{"count":0,"href":"http:\/\/argentinamunicipal.com.ar\/argentina\/wp-json\/wp\/v2\/posts\/59696\/revisions"}],"wp:featuredmedia":[{"embeddable":true,"href":"http:\/\/argentinamunicipal.com.ar\/argentina\/wp-json\/wp\/v2\/media\/59697"}],"wp:attachment":[{"href":"http:\/\/argentinamunicipal.com.ar\/argentina\/wp-json\/wp\/v2\/media?parent=59696"}],"wp:term":[{"taxonomy":"category","embeddable":true,"href":"http:\/\/argentinamunicipal.com.ar\/argentina\/wp-json\/wp\/v2\/categories?post=59696"},{"taxonomy":"post_tag","embeddable":true,"href":"http:\/\/argentinamunicipal.com.ar\/argentina\/wp-json\/wp\/v2\/tags?post=59696"}],"curies":[{"name":"wp","href":"https:\/\/api.w.org\/{rel}","templated":true}]}}