{"id":59714,"date":"2017-02-22T05:38:45","date_gmt":"2017-02-22T08:38:45","guid":{"rendered":"http:\/\/argentinamunicipal.com.ar\/argentina\/?p=59714"},"modified":"2017-02-22T07:40:48","modified_gmt":"2017-02-22T10:40:48","slug":"espana-rechazo-podemos-al-presidente-mauricio-macri","status":"publish","type":"post","link":"http:\/\/argentinamunicipal.com.ar\/argentina\/espana-rechazo-podemos-al-presidente-mauricio-macri\/","title":{"rendered":"Espa\u00f1a: rechazo de Podemos al presidente Mauricio Macri"},"content":{"rendered":"<p>Le endilgan ser un presidente vinculado a empresas off shore, condonaciones indebidas de deudas y violaciones a los derechos humanos en Argentina.<\/p>\n<p>La organizaci\u00f3n pol\u00edtica en crecimiento en Espa\u00f1a \u00abPodemos\u00bb rechaz\u00f3 la presencia del mandatario argentino Mauricio Macri en su pa\u00eds.<\/p>\n<p>La agrupaci\u00f3n pol\u00edtica de centroizquierda se ha negado a participar de la cena de honor a \u00abun presidente off shore que sal\u00eda en los Papeles de Panam\u00e1 y que vulnera los derechos humanos\u00bb.<\/p>\n<p>Quien ha llevado adelante el discurso en contra de Macri es la nueva portavoz del espacio Irene Montero.<\/p>\n<p>\u00abPodemos\u00bb, en el Congreso, le recordar\u00e1 a Macri, entre otras cosas, que a\u00fan sigue detenida Milagro Sala.<\/p>\n<h6>Fuente: MDZ Online<\/h6>\n","protected":false},"excerpt":{"rendered":"<p>Le endilgan ser un presidente vinculado a empresas off shore, condonaciones indebidas de deudas y violaciones a los derechos humanos en Argentina.<\/p>\n","protected":false},"author":2,"featured_media":59715,"comment_status":"closed","ping_status":"closed","sticky":false,"template":"","format":"standard","meta":{"footnotes":""},"categories":[8],"tags":[21],"class_list":["post-59714","post","type-post","status-publish","format-standard","has-post-thumbnail","hentry","category-informe-nacional","tag-argentina"],"_links":{"self":[{"href":"http:\/\/argentinamunicipal.com.ar\/argentina\/wp-json\/wp\/v2\/posts\/59714","targetHints":{"allow":["GET"]}}],"collection":[{"href":"http:\/\/argentinamunicipal.com.ar\/argentina\/wp-json\/wp\/v2\/posts"}],"about":[{"href":"http:\/\/argentinamunicipal.com.ar\/argentina\/wp-json\/wp\/v2\/types\/post"}],"author":[{"embeddable":true,"href":"http:\/\/argentinamunicipal.com.ar\/argentina\/wp-json\/wp\/v2\/users\/2"}],"replies":[{"embeddable":true,"href":"http:\/\/argentinamunicipal.com.ar\/argentina\/wp-json\/wp\/v2\/comments?post=59714"}],"version-history":[{"count":0,"href":"http:\/\/argentinamunicipal.com.ar\/argentina\/wp-json\/wp\/v2\/posts\/59714\/revisions"}],"wp:featuredmedia":[{"embeddable":true,"href":"http:\/\/argentinamunicipal.com.ar\/argentina\/wp-json\/wp\/v2\/media\/59715"}],"wp:attachment":[{"href":"http:\/\/argentinamunicipal.com.ar\/argentina\/wp-json\/wp\/v2\/media?parent=59714"}],"wp:term":[{"taxonomy":"category","embeddable":true,"href":"http:\/\/argentinamunicipal.com.ar\/argentina\/wp-json\/wp\/v2\/categories?post=59714"},{"taxonomy":"post_tag","embeddable":true,"href":"http:\/\/argentinamunicipal.com.ar\/argentina\/wp-json\/wp\/v2\/tags?post=59714"}],"curies":[{"name":"wp","href":"https:\/\/api.w.org\/{rel}","templated":true}]}}