{"id":59740,"date":"2017-02-24T08:02:07","date_gmt":"2017-02-24T11:02:07","guid":{"rendered":"http:\/\/argentinamunicipal.com.ar\/argentina\/?p=59740"},"modified":"2017-02-24T08:02:07","modified_gmt":"2017-02-24T11:02:07","slug":"vienen-tres-meses-complicados-los-precios","status":"publish","type":"post","link":"http:\/\/argentinamunicipal.com.ar\/argentina\/vienen-tres-meses-complicados-los-precios\/","title":{"rendered":"\u201cVienen tres meses complicados para los precios\u201d"},"content":{"rendered":"<p>En una conferencia ante especialistas en finanzas, el titular del Banco Central admiti\u00f3 que los pr\u00f3ximos tres meses vienen con presi\u00f3n extra sobre los precios y los \u00edndices. No hay margen para relajar las tasas de inter\u00e9s, advirti\u00f3.<\/p>\n<p>El presidente del Banco Central, Federico Sturzenegger, adelant\u00f3 ayer que los pr\u00f3ximos meses llegar\u00e1n con complicaciones para la inflaci\u00f3n. \u201cSe vienen tres meses m\u00e1s delicados en materia de precios\u201d, asegur\u00f3 el titular de la autoridad monetaria. Afirm\u00f3 que no hay margen para avanzar en una pol\u00edtica de tasas de inter\u00e9s m\u00e1s relajada porque, sin importar qu\u00e9 ocurra con el mercado interno, la entidad se encuentra enfocada en cumplir la meta de inflaci\u00f3n del 17 por ciento para este a\u00f1o. El funcionario habl\u00f3 en una conferencia del Instituto Argentino de Ejecutivos de Finanzas (IAEF) y dio precisiones sobre c\u00f3mo piensa el Central que deber\u00edan evolucionar las paritarias. Mencion\u00f3 tambi\u00e9n que el tipo de cambio no se encuentra apreciado, en l\u00ednea con los argumentos planteados esta semana por el Ministro de Hacienda, Nicol\u00e1s Dujovne.<\/p>\n<p>\u201cEn los pr\u00f3ximos meses, la correcci\u00f3n de precios regulados mover\u00e1 al nivel general de la inflaci\u00f3n algo por encima de lo que venimos experimentando, motivo por el cual el Central est\u00e1 tomando sus decisiones de pol\u00edtica monetaria en pos de alcanzar un nivel de inflaci\u00f3n n\u00facleo que permita lograr el cumplimiento de las metas para el nivel general hacia fin de a\u00f1o\u201d, indic\u00f3 Sturzenegger. Y abri\u00f3 el paraguas para los indicadores que se publicar\u00e1n al cierre de este mes. \u201cLes anticipo que en febrero estamos observando un repunte en la evoluci\u00f3n de los precios. Por esto no vemos margen alguno para el relajamiento de la pol\u00edtica monetaria (bajar la tasa de inter\u00e9s)\u201d.<\/p>\n<p>El titular de la autoridad monetaria, pese a mostrar preocupaci\u00f3n por el efecto de las tarifas para los pr\u00f3ximos meses, insiste en la idea de que el proceso inflacionario es un resultado asociado con fen\u00f3menos monetarios. \u201cSin desequilibrios en el mercado monetario, la inflaci\u00f3n tiene los d\u00edas contados. Es desde este entendimiento que puede comprenderse la baja de inflaci\u00f3n que ya ocurri\u00f3 el a\u00f1o pasado y la que avizoramos para este a\u00f1o\u201d, indic\u00f3. La imposibilidad de reconocer elementos estructurales como la puja distributiva que tambi\u00e9n intervienen en las tensiones de precios, seg\u00fan economistas heterodoxos, eleva el riesgo de cometer un grosero error de diagn\u00f3stico. El a\u00f1o pasado en el Gobierno estimaron una inflaci\u00f3n del 25 por ciento y termin\u00f3 en 41. Para \u00e9ste, la meta es de 17 pero en el mercado la ubican arriba del 25 por ciento.<\/p>\n<p>El presidente de la autoridad monetaria afirm\u00f3 que este a\u00f1o las paritarias no tienen que centrarse en la inflaci\u00f3n pasada sino en la futura. Us\u00f3 el truco del promedio para \u201cguiar\u201d a los economistas sobre c\u00f3mo medir el salario real. Asegur\u00f3 que si un a\u00f1o la inflaci\u00f3n sube al 20 por ciento y al otro 0 por ciento, con s\u00f3lo incrementar los salarios el 10 por ciento al inicio del segundo periodo se consigue recuperar el poder adquisitivo porque el promedio de salario real para cada uno de esos dos a\u00f1os ser\u00e1 id\u00e9ntico.<\/p>\n<p>Las matem\u00e1ticas es una de las herramientas m\u00e1s poderosa del ser humano pero no es una buena idea usarla para justificar la p\u00e9rdida del poder adquisitivo de la poblaci\u00f3n. El periodista econ\u00f3mico Enrique Silberstein se mofaba de los \u201cespecialistas\u201d que hacen gala de esta herramienta para justificar cosas sin sentido. Una frase que resume su argumento es la que sigue: \u201cpara un economista si una persona tiene los pies en el horno, y la cabeza en el freezer, en promedio est\u00e1 a la temperatura ideal\u201d. El argumento de Sturzenegger pierde sentido incluso cuando se lo busca continuar en el tiempo: si el a\u00f1o 3 suben los precios al 20 por ciento y en el a\u00f1o 4 al 0, negociando de nuevo un 10 por ciento de incremento salarial el trabajador termina el \u00faltimo a\u00f1o con un salario real en promedio mucho m\u00e1s bajo que el del a\u00f1o 1.<\/p>\n<p>Los bancarios consiguieron un ajuste de 24 por ciento, con la consigna de recomponer lo perdido en 2016. Pero el Central le resta importancia a los antecedentes. \u201cLa discusi\u00f3n paritaria hoy gira en torno de las metas de inflaci\u00f3n y no sobre la inflaci\u00f3n pasada. Esto lo vemos como un logro\u201d, insisti\u00f3 ayer Sturzenegger.<\/p>\n<h6>Fuente: P\u00e1gina 12<\/h6>\n","protected":false},"excerpt":{"rendered":"<p>En una conferencia ante especialistas en finanzas, el titular del Banco Central admiti\u00f3 que los pr\u00f3ximos tres meses vienen con presi\u00f3n extra sobre los precios y los \u00edndices. No hay margen para relajar las tasas de inter\u00e9s, advirti\u00f3.<\/p>\n","protected":false},"author":2,"featured_media":59741,"comment_status":"closed","ping_status":"closed","sticky":false,"template":"","format":"standard","meta":{"footnotes":""},"categories":[8],"tags":[21],"class_list":["post-59740","post","type-post","status-publish","format-standard","has-post-thumbnail","hentry","category-informe-nacional","tag-argentina"],"_links":{"self":[{"href":"http:\/\/argentinamunicipal.com.ar\/argentina\/wp-json\/wp\/v2\/posts\/59740","targetHints":{"allow":["GET"]}}],"collection":[{"href":"http:\/\/argentinamunicipal.com.ar\/argentina\/wp-json\/wp\/v2\/posts"}],"about":[{"href":"http:\/\/argentinamunicipal.com.ar\/argentina\/wp-json\/wp\/v2\/types\/post"}],"author":[{"embeddable":true,"href":"http:\/\/argentinamunicipal.com.ar\/argentina\/wp-json\/wp\/v2\/users\/2"}],"replies":[{"embeddable":true,"href":"http:\/\/argentinamunicipal.com.ar\/argentina\/wp-json\/wp\/v2\/comments?post=59740"}],"version-history":[{"count":0,"href":"http:\/\/argentinamunicipal.com.ar\/argentina\/wp-json\/wp\/v2\/posts\/59740\/revisions"}],"wp:featuredmedia":[{"embeddable":true,"href":"http:\/\/argentinamunicipal.com.ar\/argentina\/wp-json\/wp\/v2\/media\/59741"}],"wp:attachment":[{"href":"http:\/\/argentinamunicipal.com.ar\/argentina\/wp-json\/wp\/v2\/media?parent=59740"}],"wp:term":[{"taxonomy":"category","embeddable":true,"href":"http:\/\/argentinamunicipal.com.ar\/argentina\/wp-json\/wp\/v2\/categories?post=59740"},{"taxonomy":"post_tag","embeddable":true,"href":"http:\/\/argentinamunicipal.com.ar\/argentina\/wp-json\/wp\/v2\/tags?post=59740"}],"curies":[{"name":"wp","href":"https:\/\/api.w.org\/{rel}","templated":true}]}}