{"id":59743,"date":"2017-02-24T08:06:06","date_gmt":"2017-02-24T11:06:06","guid":{"rendered":"http:\/\/argentinamunicipal.com.ar\/argentina\/?p=59743"},"modified":"2017-02-24T08:06:06","modified_gmt":"2017-02-24T11:06:06","slug":"volvieron-caer-la-industria-la-construccion","status":"publish","type":"post","link":"http:\/\/argentinamunicipal.com.ar\/argentina\/volvieron-caer-la-industria-la-construccion\/","title":{"rendered":"Volvieron a caer la industria y la construcci\u00f3n"},"content":{"rendered":"<p>La producci\u00f3n industrial cay\u00f3 1,1 por ciento en enero en comparaci\u00f3n con igual mes del a\u00f1o pasado y acumula doce meses de bajas consecutivas. Tambi\u00e9n la actividad de la construcci\u00f3n retrocedi\u00f3 en el primer mes del a\u00f1o: la ca\u00edda fue 2,4 por ciento en la medici\u00f3n interanual, luego del retroceso del 12,7 por ciento acumulado en 2016.<\/p>\n<p>El Indec inform\u00f3 que la producci\u00f3n industrial baj\u00f3 en enero 1,1 por ciento en comparaci\u00f3n con igual mes del a\u00f1o pasado. Seg\u00fan el informe, los rubros que presentaron mayor retracci\u00f3n fueron el textil (-11,1 por ciento) y las industrias met\u00e1licas b\u00e1sicas (-9,5 por ciento). El resultado de enero se vio traccionado por un fuerte avance de 71,1 por ciento en la industria automotriz, variaci\u00f3n que se explica por cuestiones de estacionalidad y una base de comparaci\u00f3n muy baja.<\/p>\n<p>La secuencia muestra una desaceleraci\u00f3n de la ca\u00edda del Estimador Mensual Industrial, pero no alcanza para el repunte prometido por el Gobierno. En octubre la actividad manufacturera hab\u00eda alcanzado un pico de retroceso de 8 por ciento, para luego caer 4,1 por ciento en noviembre y 2,3 por ciento en diciembre.<\/p>\n<p>A pesar de eso, con el saldo negativo de enero se complet\u00f3 un a\u00f1o con cifras en rojo para la producci\u00f3n nacional. El Indec aconsej\u00f3 que \u00ablos resultados de la coyuntura industrial de enero y febrero de cada a\u00f1o\u00bb sean tomados en conjunto por el bimestre y no en forma individual debido a las paradas de planta que se producen en varias ramas.<\/p>\n<p>El informe oficial se da luego de que la Fundaci\u00f3n Fiel y la consultora de Orlando Ferreres mostraran resultados enfrentados sobre la marcha de la industria. La empresa de Orlando Ferreres dio cuenta de una sensible baja en el nivel de producci\u00f3n fabril de 6,4 por ciento interanual, mientras que FIEL marc\u00f3 una suba de 3,9 por ciento en su indicador.<\/p>\n<p>En tanto, en otro reporte divulgado hoy, el Indec inform\u00f3 que en enero la construcci\u00f3n cay\u00f3 2,4 por ciento en la medici\u00f3n interanual. Como en el caso de la industria, el \u00edndice muestra una desaceleraci\u00f3n de las ca\u00eddas pero no logra revertir la tendencia: la construcci\u00f3n lleva trece meses consecutivos de saldos negativos.<\/p>\n<p>De acuerdo al organismo estad\u00edstico, en diciembre de 2016 se perdieron 9.382 puestos laborales con relaci\u00f3n a noviembre y 16.816 con relaci\u00f3n a diciembre de 2015.<\/p>\n<h6>Fuente: P\u00e1gina 12<\/h6>\n","protected":false},"excerpt":{"rendered":"<p>La producci\u00f3n industrial cay\u00f3 1,1 por ciento en enero en comparaci\u00f3n con igual mes del a\u00f1o pasado y acumula doce meses de bajas consecutivas. Tambi\u00e9n la actividad de la construcci\u00f3n retrocedi\u00f3 en el primer mes del a\u00f1o<\/p>\n","protected":false},"author":2,"featured_media":59744,"comment_status":"closed","ping_status":"closed","sticky":false,"template":"","format":"standard","meta":{"footnotes":""},"categories":[8],"tags":[21],"class_list":["post-59743","post","type-post","status-publish","format-standard","has-post-thumbnail","hentry","category-informe-nacional","tag-argentina"],"_links":{"self":[{"href":"http:\/\/argentinamunicipal.com.ar\/argentina\/wp-json\/wp\/v2\/posts\/59743","targetHints":{"allow":["GET"]}}],"collection":[{"href":"http:\/\/argentinamunicipal.com.ar\/argentina\/wp-json\/wp\/v2\/posts"}],"about":[{"href":"http:\/\/argentinamunicipal.com.ar\/argentina\/wp-json\/wp\/v2\/types\/post"}],"author":[{"embeddable":true,"href":"http:\/\/argentinamunicipal.com.ar\/argentina\/wp-json\/wp\/v2\/users\/2"}],"replies":[{"embeddable":true,"href":"http:\/\/argentinamunicipal.com.ar\/argentina\/wp-json\/wp\/v2\/comments?post=59743"}],"version-history":[{"count":0,"href":"http:\/\/argentinamunicipal.com.ar\/argentina\/wp-json\/wp\/v2\/posts\/59743\/revisions"}],"wp:featuredmedia":[{"embeddable":true,"href":"http:\/\/argentinamunicipal.com.ar\/argentina\/wp-json\/wp\/v2\/media\/59744"}],"wp:attachment":[{"href":"http:\/\/argentinamunicipal.com.ar\/argentina\/wp-json\/wp\/v2\/media?parent=59743"}],"wp:term":[{"taxonomy":"category","embeddable":true,"href":"http:\/\/argentinamunicipal.com.ar\/argentina\/wp-json\/wp\/v2\/categories?post=59743"},{"taxonomy":"post_tag","embeddable":true,"href":"http:\/\/argentinamunicipal.com.ar\/argentina\/wp-json\/wp\/v2\/tags?post=59743"}],"curies":[{"name":"wp","href":"https:\/\/api.w.org\/{rel}","templated":true}]}}