{"id":59755,"date":"2017-02-24T08:31:33","date_gmt":"2017-02-24T11:31:33","guid":{"rendered":"http:\/\/argentinamunicipal.com.ar\/argentina\/?p=59755"},"modified":"2017-02-24T08:31:33","modified_gmt":"2017-02-24T11:31:33","slug":"santa-fe-se-sumo-al-encuentro-100-ciudades-resilientes","status":"publish","type":"post","link":"http:\/\/argentinamunicipal.com.ar\/argentina\/santa-fe-se-sumo-al-encuentro-100-ciudades-resilientes\/","title":{"rendered":"Santa Fe se sum\u00f3 al encuentro de 100 Ciudades Resilientes"},"content":{"rendered":"<p>Jos\u00e9 Corral particip\u00f3 en el lanzamiento del Taller que se realiza en la Ciudad de Buenos Aires. El intendente explic\u00f3 ante sus pares la experiencia local<\/p>\n<p>El intendente Jos\u00e9 Corral particip\u00f3 del Taller de lanzamiento del Programa 100 Ciudades Resilientes (100CR) Buenos Aires. El mandatario conform\u00f3 el panel de apertura de la jornada junto al jefe de Gobierno porte\u00f1o, Horacio Rodr\u00edguez Larreta; y al director Regional para Am\u00e9rica Latina y el Caribe del Programa 100RC, Eugene Zapata. En este contexto, Corral brind\u00f3 una exposici\u00f3n acerca de la experiencia de Santa Fe en torno al desarrollo de la Estrategia de Resiliencia de la Ciudad.<\/p>\n<p>El encuentro cont\u00f3 con la presencia de la directora de Resiliencia de la ciudad, Andrea Valsagna, y de autoridades de diferentes localidades, representantes de la Oficina de la Naciones Unidas para la Reducci\u00f3n del Riesgo de Desastres, funcionarios, representantes del mundo acad\u00e9mico y empresario, los directores de Resiliencia de las ciudades de M\u00e9xico y Montevideo que participan del programa, entre otros.<\/p>\n<p>El Taller marca la incorporaci\u00f3n de la ciudad de Buenos Aires a la red 100CR que, impulsada por la Fundaci\u00f3n Rockefeller y de la cual Santa Fe forma parte, se cre\u00f3 para ayudar a las ciudades a construir resiliencia frente a la globalizaci\u00f3n, la urbanizaci\u00f3n y el cambio clim\u00e1tico.<\/p>\n<p><strong>Una pol\u00edtica de Estado<\/strong><br \/>\nEn su presentaci\u00f3n, el intendente explic\u00f3 \u00abque Santa Fe est\u00e1 en la confluencia de dos r\u00edos muy importantes, el Paran\u00e1 y el Salado, que son dos recursos extraordinarios, pero que han provocado por estos fen\u00f3menos hidrometeorol\u00f3gicos muchos desaf\u00edos e incluso tragedias en la poblaci\u00f3n. Una en 2003 \u2013con 120.000 personas afectadas\u2013, y otra en 2007 \u2013por la lluvia\u00bb.<\/p>\n<p>En ese sentido, destac\u00f3: \u00abEn 2008, desde el municipio nos planteamos la Gesti\u00f3n de Riesgo como una verdadera pol\u00edtica de Estado. Hicimos obras, el plan de contingencia, alertas tempranas; y por supuesto que aprendimos. Comprendimos que el problema no son los fen\u00f3menos naturales, sino c\u00f3mo nos exponemos y generamos vulnerabilidades a las condiciones de la geograf\u00eda. Por lo tanto pusimos mucho el acento en el Plan Urbano de la Ciudad, en c\u00f3mo hacer que crezca mejor y, entre otras cosas, hicimos tareas educativas para que la gente sepa en qu\u00e9 lugar est\u00e1 viviendo\u00bb.<\/p>\n<p>M\u00e1s adelante, y tras se\u00f1alar las situaciones complejas que afrontan en estos d\u00edas las ciudades, Corral sostuvo que \u00ablos desaf\u00edos pueden ser mirados desde la \u00f3ptica de la resiliencia\u00bb. En esta l\u00ednea, explic\u00f3: \u00abEsto es que la infraestructura, el desarrollo econ\u00f3mico, no solamente cumplan su funci\u00f3n y sean eficientes, sino que aporten desde una mirada m\u00e1s hol\u00edstica a construir esas comunidades que frente a los problemas cotidianos que se nos presentan, no solo los pueda sortear cuidando a las personas, sino que sea motivo de crecimiento\u00bb.<\/p>\n<p>En ese sentido, cont\u00f3 que Santa Fe est\u00e1 en este momento discutiendo esos proyectos. Y agreg\u00f3: \u00abTuvimos una jornada de trabajo muy interesante, con expertos que nos ayudaron a desarrollar un listado en temas de desarrollo econ\u00f3mico, infraestructura y sociales, que nos permitan tener esa ciudad resiliente\u00bb. Tambi\u00e9n alent\u00f3 a su par porte\u00f1o: \u00abBuenos Aires es nuestra hermana mayor, y la referencia en muchos casos. Por eso, lo que hagan ustedes no solo va a servir para los millones que viven en esta ciudad y en el \u00e1rea metropolitana, sino que va a ser una referencia para todos los argentinos que vamos a poder aprovechar\u00bb.<\/p>\n<p>Por su parte el jefe de Gobierno de la Ciudad de Buenos Aires destac\u00f3: \u00abEs un orgullo que nos hayan seleccionado entre 100 ciudades. Tenemos mucho por aprender y por eso hemos invitado a Jos\u00e9 Corral, porque fue quien me despert\u00f3 la inquietud de participar y me cont\u00f3 los beneficios que le ha tra\u00eddo para la ciudad de Santa Fe\u00bb.<\/p>\n<h6>Fuente: Uno Santa Fe<\/h6>\n","protected":false},"excerpt":{"rendered":"<p>Jos\u00e9 Corral particip\u00f3 en el lanzamiento del Taller que se realiza en la Ciudad de Buenos Aires. El intendente explic\u00f3 ante sus pares la experiencia local<\/p>\n","protected":false},"author":2,"featured_media":59756,"comment_status":"closed","ping_status":"closed","sticky":false,"template":"","format":"standard","meta":{"footnotes":""},"categories":[2],"tags":[10],"class_list":["post-59755","post","type-post","status-publish","format-standard","has-post-thumbnail","hentry","category-informe-municipal","tag-santa-fe"],"_links":{"self":[{"href":"http:\/\/argentinamunicipal.com.ar\/argentina\/wp-json\/wp\/v2\/posts\/59755","targetHints":{"allow":["GET"]}}],"collection":[{"href":"http:\/\/argentinamunicipal.com.ar\/argentina\/wp-json\/wp\/v2\/posts"}],"about":[{"href":"http:\/\/argentinamunicipal.com.ar\/argentina\/wp-json\/wp\/v2\/types\/post"}],"author":[{"embeddable":true,"href":"http:\/\/argentinamunicipal.com.ar\/argentina\/wp-json\/wp\/v2\/users\/2"}],"replies":[{"embeddable":true,"href":"http:\/\/argentinamunicipal.com.ar\/argentina\/wp-json\/wp\/v2\/comments?post=59755"}],"version-history":[{"count":0,"href":"http:\/\/argentinamunicipal.com.ar\/argentina\/wp-json\/wp\/v2\/posts\/59755\/revisions"}],"wp:featuredmedia":[{"embeddable":true,"href":"http:\/\/argentinamunicipal.com.ar\/argentina\/wp-json\/wp\/v2\/media\/59756"}],"wp:attachment":[{"href":"http:\/\/argentinamunicipal.com.ar\/argentina\/wp-json\/wp\/v2\/media?parent=59755"}],"wp:term":[{"taxonomy":"category","embeddable":true,"href":"http:\/\/argentinamunicipal.com.ar\/argentina\/wp-json\/wp\/v2\/categories?post=59755"},{"taxonomy":"post_tag","embeddable":true,"href":"http:\/\/argentinamunicipal.com.ar\/argentina\/wp-json\/wp\/v2\/tags?post=59755"}],"curies":[{"name":"wp","href":"https:\/\/api.w.org\/{rel}","templated":true}]}}