{"id":59776,"date":"2017-02-24T06:31:06","date_gmt":"2017-02-24T09:31:06","guid":{"rendered":"http:\/\/argentinamunicipal.com.ar\/argentina\/?p=59776"},"modified":"2017-02-24T09:32:40","modified_gmt":"2017-02-24T12:32:40","slug":"frente-renovador-tambien-le-dio-apoyo-la-marcha-la-cgt","status":"publish","type":"post","link":"http:\/\/argentinamunicipal.com.ar\/argentina\/frente-renovador-tambien-le-dio-apoyo-la-marcha-la-cgt\/","title":{"rendered":"El Frente Renovador tambi\u00e9n le dio su apoyo a la marcha de la CGT"},"content":{"rendered":"<p>Tras dos horas de reuni\u00f3n con diputados y referentes del Frente Renovador, la CGT se llev\u00f3 otro apoyo clave para la marcha del pr\u00f3ximo 7 de marzo. \u00abCoincidimos plenamente con el diagn\u00f3stico\u00bb, dijo Felipe Sol\u00e1.<\/p>\n<p>En el marco de las reuniones que vienen llevando a cabo con todos los espacios pol\u00edticos, la c\u00fapula de la CGT se reuni\u00f3 ayer con diputados y referentes del Frente Renovador \u00a0de cara a la movilizaci\u00f3n del 7 de marzo, convocada contra el gobierno de Mauricio Macri.<\/p>\n<p>La reuni\u00f3n tuvo lugar en el anexo de Diputados y concurrieron Juan Carlos Schmid, H\u00e9ctor Daer y Carlos Acu\u00f1a, adem\u00e1s de Andr\u00e9s Rodr\u00edguez, el Barba Guti\u00e9rrez y Rodolfo Daer, en tanto que por el Frente Renovador estuvo el propio Sergio Massa y sus diputados, como por ejemplo Felipe SOl\u00e1.<\/p>\n<p>Tras el encuentro, el exgobernador Felipe Sol\u00e1 expres\u00f3 la preocupaci\u00f3n por \u00abel rumbo econ\u00f3mico del pa\u00eds\u00bb y adelant\u00f3 que el espacio \u00abconcide plenamente con el diagn\u00f3stico de la CGT\u00bb.<\/p>\n<p>\u201cSi no se alienta el mercado interno, Argentina no tiene ninguna posibilidad de crear puestos de trabajo. Hace seis a\u00f1os que el pa\u00eds no genera empleo, por el contrario lo que vemos es perdida en el poder adquisitivo y despidos\u201d, agreg\u00f3 Sol\u00e1.<\/p>\n<p>En el mismo sentido el ex gobernador resalt\u00f3: \u201cEstamos viviendo pol\u00edticas econ\u00f3micas para otro pa\u00eds y para otro momento. Esa idea err\u00f3nea de que congelando la econom\u00eda se baja la inflaci\u00f3n, ya la vivimos los argentinos. No hay que matar la econom\u00eda para sanearla. No necesitamos un matasanos, necesitamos que venga alguien que la haga crecer. La \u00fanica soluci\u00f3n es el crecimiento\u201d.<\/p>\n<p>Por \u00faltimo Sol\u00e1 confirm\u00f3 el acompa\u00f1amiento del espacio pol\u00edtico a la movilizaci\u00f3n organizada para el 7 de marzo por el sector sindical, donde le exigir\u00e1n al Gobierno una rectificaci\u00f3n del plan econ\u00f3mico. \u201cLe\u00edmos el documento y coincidimos en el reclamo. Es un acto importante y democr\u00e1tico. Por fin la CGT tiene una conducci\u00f3n seria que adem\u00e1s de defender a los trabajadores, no intenta dividirlos\u201d.<\/p>\n<h6>Fuente: InfoCielo<\/h6>\n","protected":false},"excerpt":{"rendered":"<p>Tras dos horas de reuni\u00f3n con diputados y referentes del Frente Renovador, la CGT se llev\u00f3 otro apoyo clave para la marcha del pr\u00f3ximo 7 de marzo. \u00abCoincidimos plenamente con el diagn\u00f3stico\u00bb, dijo Felipe Sol\u00e1.<\/p>\n","protected":false},"author":2,"featured_media":59777,"comment_status":"closed","ping_status":"closed","sticky":false,"template":"","format":"standard","meta":{"footnotes":""},"categories":[8],"tags":[21],"class_list":["post-59776","post","type-post","status-publish","format-standard","has-post-thumbnail","hentry","category-informe-nacional","tag-argentina"],"_links":{"self":[{"href":"http:\/\/argentinamunicipal.com.ar\/argentina\/wp-json\/wp\/v2\/posts\/59776","targetHints":{"allow":["GET"]}}],"collection":[{"href":"http:\/\/argentinamunicipal.com.ar\/argentina\/wp-json\/wp\/v2\/posts"}],"about":[{"href":"http:\/\/argentinamunicipal.com.ar\/argentina\/wp-json\/wp\/v2\/types\/post"}],"author":[{"embeddable":true,"href":"http:\/\/argentinamunicipal.com.ar\/argentina\/wp-json\/wp\/v2\/users\/2"}],"replies":[{"embeddable":true,"href":"http:\/\/argentinamunicipal.com.ar\/argentina\/wp-json\/wp\/v2\/comments?post=59776"}],"version-history":[{"count":0,"href":"http:\/\/argentinamunicipal.com.ar\/argentina\/wp-json\/wp\/v2\/posts\/59776\/revisions"}],"wp:featuredmedia":[{"embeddable":true,"href":"http:\/\/argentinamunicipal.com.ar\/argentina\/wp-json\/wp\/v2\/media\/59777"}],"wp:attachment":[{"href":"http:\/\/argentinamunicipal.com.ar\/argentina\/wp-json\/wp\/v2\/media?parent=59776"}],"wp:term":[{"taxonomy":"category","embeddable":true,"href":"http:\/\/argentinamunicipal.com.ar\/argentina\/wp-json\/wp\/v2\/categories?post=59776"},{"taxonomy":"post_tag","embeddable":true,"href":"http:\/\/argentinamunicipal.com.ar\/argentina\/wp-json\/wp\/v2\/tags?post=59776"}],"curies":[{"name":"wp","href":"https:\/\/api.w.org\/{rel}","templated":true}]}}