{"id":59808,"date":"2017-02-28T08:35:07","date_gmt":"2017-02-28T11:35:07","guid":{"rendered":"http:\/\/argentinamunicipal.com.ar\/argentina\/?p=59808"},"modified":"2017-02-28T08:35:07","modified_gmt":"2017-02-28T11:35:07","slug":"infantilismo-de-ediles","status":"publish","type":"post","link":"http:\/\/argentinamunicipal.com.ar\/argentina\/infantilismo-de-ediles\/","title":{"rendered":"Infantilismo de ediles"},"content":{"rendered":"<p>Algunos concejales se molestan con el reconocimiento internacional de Rosario.<\/p>\n<p>Tal vez por eso intentan confundir a los rosarinos diciendo que la intendenta M\u00f3nica Fein dejo ac\u00e9fala la ciudad.<\/p>\n<p>Nos llama poderosamente la atenci\u00f3n que los ediles desconozcan lo que establece la Ley Org\u00e1nica de Municipios. M\u00e1s teniendo en cuenta que uno de ellos es concejal hace m\u00e1s de 23 a\u00f1os.<\/p>\n<p>En su art\u00edculo 32, la ley establece expresamente que la intendenta tiene que delegar sus funciones si se ausenta m\u00e1s de cinco d\u00edas h\u00e1biles. Nuestra intendenta solo se ausent\u00f3 cinco d\u00edas h\u00e1biles, que fueron muy positivos para gestionar acuerdos que ayudar\u00e1n a mejorar la ciudad. Firm\u00f3 un acuerdo de cooperaci\u00f3n bilateral con la ciudad de Liverpool y mantuvo reuniones con las alcaldesas de Madrid y Barcelona.<\/p>\n<p>Adem\u00e1s de participar en el encuentro de Ciudades y Gobiernos Locales Unidos (CGLU), donde se debatieron entre otros estos temas el derecho a la ciudad, la promoci\u00f3n de la movilidad sustentable, el derecho a la vivienda y al trabajo digno, la adaptaci\u00f3n y mitigaci\u00f3n del cambio clim\u00e1tico, el acceso a los servicios b\u00e1sicos y al financiamiento internacional para el desarrollo sustentable de las ciudades.<\/p>\n<p>Es incomprensible el infantilismo de estos concejales queriendo exponer a la intendenta por el cumplimiento de la agenda internacional de Rosario.<\/p>\n<p>Parece que no quisieran que nuestra ciudad tuviera el protagonismo que se merece en foros internacionales. Tal vez quieran que solo trascienda la ciudad de Buenos Aires.<\/p>\n<p>Es un a\u00f1o electoral, a algunos les sirve un poco de prensa planteando realidades que nada tienen que ver con lo que pasa en la ciudad.<\/p>\n<p>Hoy la intendenta llegar\u00e1 la ciudad y no hay ning\u00fan problema pol\u00edtico para no haber cedido transitoriamente el mando por el viaje.<\/p>\n<p>Por Horacio Ghirardi, Ver\u00f3nica Irizar y Enrique Est\u00e9vez *<\/p>\n<p>* Concejales del bloque Socialista<\/p>\n<h6>Fuente: P\u00e1gina 12<\/h6>\n","protected":false},"excerpt":{"rendered":"<p>Algunos concejales se molestan con el reconocimiento internacional de Rosario.<\/p>\n","protected":false},"author":2,"featured_media":59809,"comment_status":"closed","ping_status":"closed","sticky":false,"template":"","format":"standard","meta":{"footnotes":""},"categories":[6],"tags":[10],"class_list":["post-59808","post","type-post","status-publish","format-standard","has-post-thumbnail","hentry","category-opiniones","tag-santa-fe"],"_links":{"self":[{"href":"http:\/\/argentinamunicipal.com.ar\/argentina\/wp-json\/wp\/v2\/posts\/59808","targetHints":{"allow":["GET"]}}],"collection":[{"href":"http:\/\/argentinamunicipal.com.ar\/argentina\/wp-json\/wp\/v2\/posts"}],"about":[{"href":"http:\/\/argentinamunicipal.com.ar\/argentina\/wp-json\/wp\/v2\/types\/post"}],"author":[{"embeddable":true,"href":"http:\/\/argentinamunicipal.com.ar\/argentina\/wp-json\/wp\/v2\/users\/2"}],"replies":[{"embeddable":true,"href":"http:\/\/argentinamunicipal.com.ar\/argentina\/wp-json\/wp\/v2\/comments?post=59808"}],"version-history":[{"count":0,"href":"http:\/\/argentinamunicipal.com.ar\/argentina\/wp-json\/wp\/v2\/posts\/59808\/revisions"}],"wp:featuredmedia":[{"embeddable":true,"href":"http:\/\/argentinamunicipal.com.ar\/argentina\/wp-json\/wp\/v2\/media\/59809"}],"wp:attachment":[{"href":"http:\/\/argentinamunicipal.com.ar\/argentina\/wp-json\/wp\/v2\/media?parent=59808"}],"wp:term":[{"taxonomy":"category","embeddable":true,"href":"http:\/\/argentinamunicipal.com.ar\/argentina\/wp-json\/wp\/v2\/categories?post=59808"},{"taxonomy":"post_tag","embeddable":true,"href":"http:\/\/argentinamunicipal.com.ar\/argentina\/wp-json\/wp\/v2\/tags?post=59808"}],"curies":[{"name":"wp","href":"https:\/\/api.w.org\/{rel}","templated":true}]}}