{"id":59817,"date":"2017-02-28T08:47:19","date_gmt":"2017-02-28T11:47:19","guid":{"rendered":"http:\/\/argentinamunicipal.com.ar\/argentina\/?p=59817"},"modified":"2017-02-28T08:47:19","modified_gmt":"2017-02-28T11:47:19","slug":"medio-cierres-despidos-suspensiones-ministro-dujovne-afirmo-ya-no-recesion","status":"publish","type":"post","link":"http:\/\/argentinamunicipal.com.ar\/argentina\/medio-cierres-despidos-suspensiones-ministro-dujovne-afirmo-ya-no-recesion\/","title":{"rendered":"En medio de cierres, despidos y suspensiones, el ministro Dujovne afirm\u00f3 que ya no hay recesi\u00f3n"},"content":{"rendered":"<p>Seg\u00fan el titular de la cartera de Hacienda, en el \u00faltimo trimestre de 2016 hubo un crecimiento \u00abmuy s\u00f3lido\u00bb. El funcionario augur\u00f3 \u00abun futuro brillante para la econom\u00eda argentina\u00bb.<\/p>\n<p>En medio de cierres, despidos y suspensiones, el ministro Dujovne afirm\u00f3 que ya no hay recesi\u00f3n<br \/>\n\u00abEn la Argentina la recesi\u00f3n ha terminado. Ya termin\u00f3\u00bb, asegur\u00f3 el ministro de Hacienda, Nicol\u00e1s Dujovne, en una entrevista que concedi\u00f3 al diario La Naci\u00f3n. All\u00ed afirm\u00f3 que \u00aben el cuarto trimestre de 2016 tuvimos un crecimiento muy s\u00f3lido. Ese es el inicio de un proceso muy sostenido de crecimiento, que va ir ganando fuerza y tracci\u00f3n a lo largo de 2017\u00bb.<\/p>\n<p>El funcionario realiz\u00f3 estas declaraciones en medio de una gran cantidad de ejemplos que contradicen sus opiniones. Entre las noticias de los \u00faltimos d\u00edas, se supo de la crisis que atraviesan las grandes empresas l\u00e1cteas por la baja del consumo, lo cual obligar\u00e1 a La Seren\u00edsima y Sancor a cerrar plantas en distintos lugares del pa\u00eds.<\/p>\n<p>Tambi\u00e9n las suspensiones masivas y prolongadas en la automotriz VolksWagen, que los trabajadores denunciaron como despidos encubiertos. Ni hablar de la crisis que atraviesan otros sectores como textiles, electrodom\u00e9sticos o calzado, entre otros, en parte por la apertura de importaciones y en parte por la ca\u00edda del consumo.<\/p>\n<p>Sin embargo, Dujovne, en la entrevista con La Naci\u00f3n, habl\u00f3 de\u00a0\u00abun futuro brillante para la econom\u00eda argentina\u00bb, y vaticin\u00f3 que este a\u00f1o \u00abva a ser s\u00f3lo el inicio de un per\u00edodo que va a ser recordado, cuando lo miremos con un zoom dentro de algunas d\u00e9cadas, como el que dio vuelta la p\u00e1gina de la decadencia y el estancamiento de la Argentina\u00bb.<\/p>\n<p>Por otra parte, le respondi\u00f3 al presidente del Banco Central, Federico Sturzenegger, quien hab\u00eda adevertido hace unos d\u00edas que se vienen \u00abtres meses dif\u00edciles\u00bb en materia de inflaci\u00f3n. Dujovne manifest\u00f3 que \u00e9l \u00abvolver\u00eda a\u00fan un poco m\u00e1s suave la expresi\u00f3n\u00bb.<\/p>\n<p>\u00abVamos a tener tres meses con una tasa de inflaci\u00f3n un poquito m\u00e1s alta que la que tuvimos en diciembre y en enero probablemente, pero espec\u00edficamente por la suba de algunos precios regulados\u00bb,\u00a0pronostic\u00f3 el funcionario, aclarando que se trata de \u00abla suba de la electricidad en febrero y la del gas en abril\u00bb.<\/p>\n<h6>Fuente: InfoNews<\/h6>\n","protected":false},"excerpt":{"rendered":"<p>Seg\u00fan el titular de la cartera de Hacienda, en el \u00faltimo trimestre de 2016 hubo un crecimiento \u00abmuy s\u00f3lido\u00bb. El funcionario augur\u00f3 \u00abun futuro brillante para la econom\u00eda argentina\u00bb.<\/p>\n","protected":false},"author":2,"featured_media":59818,"comment_status":"closed","ping_status":"closed","sticky":false,"template":"","format":"standard","meta":{"footnotes":""},"categories":[8],"tags":[21],"class_list":["post-59817","post","type-post","status-publish","format-standard","has-post-thumbnail","hentry","category-informe-nacional","tag-argentina"],"_links":{"self":[{"href":"http:\/\/argentinamunicipal.com.ar\/argentina\/wp-json\/wp\/v2\/posts\/59817","targetHints":{"allow":["GET"]}}],"collection":[{"href":"http:\/\/argentinamunicipal.com.ar\/argentina\/wp-json\/wp\/v2\/posts"}],"about":[{"href":"http:\/\/argentinamunicipal.com.ar\/argentina\/wp-json\/wp\/v2\/types\/post"}],"author":[{"embeddable":true,"href":"http:\/\/argentinamunicipal.com.ar\/argentina\/wp-json\/wp\/v2\/users\/2"}],"replies":[{"embeddable":true,"href":"http:\/\/argentinamunicipal.com.ar\/argentina\/wp-json\/wp\/v2\/comments?post=59817"}],"version-history":[{"count":0,"href":"http:\/\/argentinamunicipal.com.ar\/argentina\/wp-json\/wp\/v2\/posts\/59817\/revisions"}],"wp:featuredmedia":[{"embeddable":true,"href":"http:\/\/argentinamunicipal.com.ar\/argentina\/wp-json\/wp\/v2\/media\/59818"}],"wp:attachment":[{"href":"http:\/\/argentinamunicipal.com.ar\/argentina\/wp-json\/wp\/v2\/media?parent=59817"}],"wp:term":[{"taxonomy":"category","embeddable":true,"href":"http:\/\/argentinamunicipal.com.ar\/argentina\/wp-json\/wp\/v2\/categories?post=59817"},{"taxonomy":"post_tag","embeddable":true,"href":"http:\/\/argentinamunicipal.com.ar\/argentina\/wp-json\/wp\/v2\/tags?post=59817"}],"curies":[{"name":"wp","href":"https:\/\/api.w.org\/{rel}","templated":true}]}}