{"id":59832,"date":"2017-02-28T06:03:16","date_gmt":"2017-02-28T09:03:16","guid":{"rendered":"http:\/\/argentinamunicipal.com.ar\/argentina\/?p=59832"},"modified":"2017-02-28T09:07:42","modified_gmt":"2017-02-28T12:07:42","slug":"paro-mujeres-suma-los-sindicatos","status":"publish","type":"post","link":"http:\/\/argentinamunicipal.com.ar\/argentina\/paro-mujeres-suma-los-sindicatos\/","title":{"rendered":"El paro de mujeres suma a los sindicatos"},"content":{"rendered":"<p>Se arm\u00f3 una intersindical de mujeres con 32 organizaciones para el pr\u00f3ximo 8 de marzo. En la ciudad de C\u00f3rdoba, habr\u00e1 una marcha que culminar\u00e1 en la ex Plaza V\u00e9lez S\u00e1rsfield.<\/p>\n<p>El paro internacional de mujeres del 8 de marzo contra la violencia y las inequidades de g\u00e9nero sigue tomando fuerza. La convocatoria, que se hace en simult\u00e1neo en varios pa\u00edses y que en Argentina cuenta con el impulso del movimiento #NiUnaMenos, fue el puntapi\u00e9 para que en C\u00f3rdoba se conformara una intersindical de mujeres.<\/p>\n<p>A comienzos de febrero, mujeres de varios gremios cordobeses comenzaron a reunirse para evaluar acciones frente al llamado al paro lanzado por organizaciones feministas.<\/p>\n<p>Son 32 organizaciones sindicales que, unidas por el paro internacional de mujeres, tienen la intenci\u00f3n de seguir consolidando ese espacio despu\u00e9s del 8 de marzo. Entre ellas est\u00e1n las centrales CGT Regional C\u00f3rdoba, CGT Rodr\u00edguez Pe\u00f1a, CTA de los Trabajadores y CTA Aut\u00f3noma, y los gremios ATE, UEPC, Suoem, Luz y Fuerza, Adiuc y AGEPJ, como parte de una larga lista.<\/p>\n<p>En las reuniones de la intersindical, algunas trabajadoras recordaban como \u00fanico antecedente de esta experiencia un espacio de reuniones que se gener\u00f3 en el marco del Encuentro Nacional de Mujeres que se hizo en C\u00f3rdoba en 1987. Luego, en los a\u00f1os \u201990, ese \u00e1mbito de encuentro entre mujeres de los sindicatos se diluy\u00f3, seg\u00fan rememora Silvia Marchetti, secretaria de derechos humanos y g\u00e9nero de UEPC.<\/p>\n<p>Aunque ahora los esfuerzos est\u00e1n puestos en el paro, la idea es continuar trabajando dentro del espacio. Ana Morillo, de la Comisi\u00f3n de G\u00e9nero del Suoem, dice que la intenci\u00f3n es establecer una agenda de trabajo con preocupaciones comunes.<\/p>\n<p><strong>Desocupaci\u00f3n<\/strong><\/p>\n<p>En el primer comunicado de la intersindical de mujeres, las trabajadoras advierten que la desocupaci\u00f3n y la informalidad afectan de manera m\u00e1s fuerte a las mujeres. Llaman la atenci\u00f3n sobre las formas de violencia que se despliegan en los \u00e1mbitos laborales y la dependencia econ\u00f3mica que impide a las mujeres acceder a la autonom\u00eda y superar situaciones de violencia.<\/p>\n<p>Unas 60 organizaciones est\u00e1n trabajando de manera conjunta en el armado del paro en C\u00f3rdoba. En la \u00faltima asamblea en la Facultad de Derecho, decidieron que el 8 de marzo marchar\u00e1n a las 18 desde Col\u00f3n y Ca\u00f1ada hasta Patio Olmos.<\/p>\n<p>El paro se replicar\u00e1 en unos 35 pa\u00edses para hacer visible el reclamo contra las violencias machistas y las desigualdades de g\u00e9nero. \u201cSi nuestras vidas no valen, produzcan sin nosotras\u201d es una de las consignas que se suman a la denuncia por la precarizaci\u00f3n laboral de las mujeres y la inequidad en la distribuci\u00f3n del trabajo dom\u00e9stico hacia dentro de los hogares, entre otros puntos.<\/p>\n<p>La idea del paro comenz\u00f3 a tomar forma a partir del contacto entre organizaciones de mujeres de distintas partes del mundo. A fines de enero, varios colectivos #NiUnaMenos del pa\u00eds lanzaron el llamado en Argentina. La convocatoria retoma la experiencia del paro nacional del 19 de octubre pasado, pero esta vez con una mayor articulaci\u00f3n con los gremios para que las trabajadoras del sector formal puedan participar de las medidas de fuerza.<\/p>\n<p>El colectivo de artistas y periodistas #NiUnaMenos C\u00f3rdoba, una de las organizaciones que convocan, propone que mujeres que no cuenten con respaldo gremial puedan adherir de otras formas: con abandono de las tareas dom\u00e9sticas en sus hogares, carteler\u00eda en espacios de trabajo, acciones en redes sociales, entre otras.<\/p>\n<h6>Fuente: La Voz<\/h6>\n","protected":false},"excerpt":{"rendered":"<p>Se arm\u00f3 una intersindical de mujeres con 32 organizaciones para el pr\u00f3ximo 8 de marzo. <\/p>\n","protected":false},"author":2,"featured_media":59833,"comment_status":"closed","ping_status":"closed","sticky":false,"template":"","format":"standard","meta":{"footnotes":""},"categories":[8],"tags":[21],"class_list":["post-59832","post","type-post","status-publish","format-standard","has-post-thumbnail","hentry","category-informe-nacional","tag-argentina"],"_links":{"self":[{"href":"http:\/\/argentinamunicipal.com.ar\/argentina\/wp-json\/wp\/v2\/posts\/59832","targetHints":{"allow":["GET"]}}],"collection":[{"href":"http:\/\/argentinamunicipal.com.ar\/argentina\/wp-json\/wp\/v2\/posts"}],"about":[{"href":"http:\/\/argentinamunicipal.com.ar\/argentina\/wp-json\/wp\/v2\/types\/post"}],"author":[{"embeddable":true,"href":"http:\/\/argentinamunicipal.com.ar\/argentina\/wp-json\/wp\/v2\/users\/2"}],"replies":[{"embeddable":true,"href":"http:\/\/argentinamunicipal.com.ar\/argentina\/wp-json\/wp\/v2\/comments?post=59832"}],"version-history":[{"count":0,"href":"http:\/\/argentinamunicipal.com.ar\/argentina\/wp-json\/wp\/v2\/posts\/59832\/revisions"}],"wp:featuredmedia":[{"embeddable":true,"href":"http:\/\/argentinamunicipal.com.ar\/argentina\/wp-json\/wp\/v2\/media\/59833"}],"wp:attachment":[{"href":"http:\/\/argentinamunicipal.com.ar\/argentina\/wp-json\/wp\/v2\/media?parent=59832"}],"wp:term":[{"taxonomy":"category","embeddable":true,"href":"http:\/\/argentinamunicipal.com.ar\/argentina\/wp-json\/wp\/v2\/categories?post=59832"},{"taxonomy":"post_tag","embeddable":true,"href":"http:\/\/argentinamunicipal.com.ar\/argentina\/wp-json\/wp\/v2\/tags?post=59832"}],"curies":[{"name":"wp","href":"https:\/\/api.w.org\/{rel}","templated":true}]}}