{"id":5990,"date":"2014-04-17T09:24:14","date_gmt":"2014-04-17T12:24:14","guid":{"rendered":"http:\/\/argentinamunicipal.com.ar\/argentina\/?p=5990"},"modified":"2014-04-17T09:24:14","modified_gmt":"2014-04-17T12:24:14","slug":"municipales-de-caleta-podrian-parar-72-horas-si-el-lunes-no-hay-acuerdo-salarial","status":"publish","type":"post","link":"http:\/\/argentinamunicipal.com.ar\/argentina\/municipales-de-caleta-podrian-parar-72-horas-si-el-lunes-no-hay-acuerdo-salarial\/","title":{"rendered":"Municipales de Caleta podr\u00edan parar 72 horas si el lunes no hay acuerdo salarial"},"content":{"rendered":"<p><a href=\"http:\/\/argentinamunicipal.com.ar\/argentina\/wp-content\/uploads\/2014\/04\/city-tour-caleta-olivia-1.jpg\"><img loading=\"lazy\" decoding=\"async\" class=\"alignright size-full wp-image-5991\" alt=\"city-tour-caleta-olivia-1\" src=\"http:\/\/argentinamunicipal.com.ar\/argentina\/wp-content\/uploads\/2014\/04\/city-tour-caleta-olivia-1.jpg\" width=\"370\" height=\"260\" srcset=\"http:\/\/argentinamunicipal.com.ar\/argentina\/wp-content\/uploads\/2014\/04\/city-tour-caleta-olivia-1.jpg 370w, http:\/\/argentinamunicipal.com.ar\/argentina\/wp-content\/uploads\/2014\/04\/city-tour-caleta-olivia-1-300x210.jpg 300w\" sizes=\"auto, (max-width: 370px) 100vw, 370px\" \/><\/a>El SOEMCO esperar\u00e1 hasta el lunes una respuesta a sus requerimientos de incremento salarial, ya que el ofrecimiento del intendente no satisface sus expectativas. A mediod\u00eda de ayer dirigentes y afiliados le entregaron un petitorio. Si el lunes no reciben una respuesta favorable, el martes comenzar\u00e1n un paro por 72 horas.<\/p>\n<p>Fueron alrededor de 300 los manifestantes, entre miembros de comisi\u00f3n directiva, delegados y afiliados, los que llegaron hasta el edificio central de la comuna donde tambi\u00e9n estuvieron acompa\u00f1ados por los concejales Juan Jos\u00e9 Naves (FVS), Juan Acu\u00f1a Kunz (UCR) y Manuel Aybar (FVS).<\/p>\n<p>El martes, el intendente se hab\u00eda reunido con el titular del Sindicato de Obreros y Empleados de la Municipalidad de Caleta Olivia (SOEMCO), Juli\u00e1n Carrizo, a quien le dio a conocer el ofrecimiento del 30% de incremento escalonado, a pagar el 20% con los recibos del mes de abril y el 10 restante con los de octubre, a lo que se sumaba la duplicaci\u00f3n de las asignaciones familiares.<br \/>\nFundament\u00f3 esa decisi\u00f3n en que \u201clos intendentes del FPV de Santa Cruz no fuimos convocados por el Gobierno provincial, lo que lleva a que estemos de esta manera\u201d.<\/p>\n<p>Asimismo, compar\u00f3 el incremento ofrecido con otros lugares de la provincia. \u201cEn ninguna parte ha superado el 30%\u201d, afirm\u00f3 y a modo de ejemplo cit\u00f3 que \u201cel SOEM de R\u00edo Gallegos firm\u00f3 por el 27% y les pagar\u00e1n 10 en marzo, 10 en abril y 7 en setiembre\u201d.<br \/>\nSin embargo, el gremio caletense se mantiene firme en reclamar un 60% de incremento solo para el primer semestre del a\u00f1o, dejando abierta la posibilidad de reajuste para la segunda mitad del a\u00f1o.<\/p>\n<p>El reclamo se viene efectuando desde varias semanas y cobr\u00f3 notoriedad los d\u00edas 9 y 10 de abril, cuando el jefe comunal sufri\u00f3 el primer paro del a\u00f1o de este sindicato.<\/p>\n<p>\u201cC\u00f3rdoba debe dejar de lado la confrontaci\u00f3n, asumiendo su responsabilidad y deber\u201d, expresaba en sus p\u00e1rrafos iniciales el documento del SOEMCO al cual se dio lectura durante la manifestaci\u00f3n.<\/p>\n<p>Paralelamente, en un mensaje directo al gobernador Daniel Peralta se indic\u00f3 que \u201cno somos ciudadanos de segunda y padecemos el abandono en lo que es la salud con los inconvenientes de la (obra social) Caja de Servicios Sociales\u201d.<\/p>\n<h3>El lunes, la respuesta<\/h3>\n<p>Tras la lectura del documento, el propio intendente sali\u00f3 de su despacho y solicit\u00f3 el uso del micr\u00f3fono para dirigirse a los manifestantes, quienes lo escucharon atentamente.<\/p>\n<p>\u201cOjal\u00e1 podamos terminar esta discusi\u00f3n como el a\u00f1o anterior, cuando tambi\u00e9n se plante\u00f3 la cuesti\u00f3n salarial y se lleg\u00f3 a un feliz t\u00e9rmino\u201d, expres\u00f3 el jefe comunal.<\/p>\n<p>Por eso vamos a recibir la propuesta de ustedes y entregaremos la nuestra para que sea analizada de aqu\u00ed al d\u00eda 21 (lunes) y podamos concluir con la reuni\u00f3n que comienza hoy (por ayer) con la FETRAM en R\u00edo Gallegos\u201d, agreg\u00f3.<\/p>\n<p>Al mismo tiempo reiter\u00f3 que \u201cning\u00fan municipio ha tenido reuniones generales con el Gobierno provincial para la aplicaci\u00f3n del porcentaje que ni siquiera coincide en la discusi\u00f3n que est\u00e1 teniendo con otras organizaciones gremiales\u201d.<\/p>\n<p>Finalmente indic\u00f3 que actualmente la asistencia financiera que se recibe del Gobierno nacional es de 14 millones de pesos y para satisfacer el pedido del SOEMCO deber\u00eda ser de 24.<\/p>\n<p>En consecuencia sostuvo que \u201cqueremos que el gobierno provincial proponga, diga, resuelva y cumpla con lo que no cumpli\u00f3 el a\u00f1o anterior, que fue del 25% y Caleta dio el 39%\u201d.<\/p>\n<p>Cabe mencionar que posteriormente los miembros de la comisi\u00f3n directiva del SOEMCO, junto a los delegados, fueron recibidos en la Sala de Situaciones por C\u00f3rdoba, donde intercambiaron las propuestas por escrito.<\/p>\n<h6>Fuente: El Patag\u00f3nico<\/h6>\n","protected":false},"excerpt":{"rendered":"<p>El SOEMCO esperar\u00e1 hasta el lunes una respuesta a sus requerimientos de incremento salarial, ya que el ofrecimiento del intendente no satisface sus expectativas. A mediod\u00eda de ayer dirigentes y afiliados le entregaron un petitorio. Si el lunes no reciben una respuesta favorable, el martes comenzar\u00e1n un paro por 72 horas. Fueron alrededor de 300<\/p>\n","protected":false},"author":2,"featured_media":5991,"comment_status":"closed","ping_status":"closed","sticky":false,"template":"","format":"standard","meta":{"footnotes":""},"categories":[7],"tags":[29],"class_list":["post-5990","post","type-post","status-publish","format-standard","has-post-thumbnail","hentry","category-informe-sindical","tag-santa-cruz"],"_links":{"self":[{"href":"http:\/\/argentinamunicipal.com.ar\/argentina\/wp-json\/wp\/v2\/posts\/5990","targetHints":{"allow":["GET"]}}],"collection":[{"href":"http:\/\/argentinamunicipal.com.ar\/argentina\/wp-json\/wp\/v2\/posts"}],"about":[{"href":"http:\/\/argentinamunicipal.com.ar\/argentina\/wp-json\/wp\/v2\/types\/post"}],"author":[{"embeddable":true,"href":"http:\/\/argentinamunicipal.com.ar\/argentina\/wp-json\/wp\/v2\/users\/2"}],"replies":[{"embeddable":true,"href":"http:\/\/argentinamunicipal.com.ar\/argentina\/wp-json\/wp\/v2\/comments?post=5990"}],"version-history":[{"count":0,"href":"http:\/\/argentinamunicipal.com.ar\/argentina\/wp-json\/wp\/v2\/posts\/5990\/revisions"}],"wp:featuredmedia":[{"embeddable":true,"href":"http:\/\/argentinamunicipal.com.ar\/argentina\/wp-json\/wp\/v2\/media\/5991"}],"wp:attachment":[{"href":"http:\/\/argentinamunicipal.com.ar\/argentina\/wp-json\/wp\/v2\/media?parent=5990"}],"wp:term":[{"taxonomy":"category","embeddable":true,"href":"http:\/\/argentinamunicipal.com.ar\/argentina\/wp-json\/wp\/v2\/categories?post=5990"},{"taxonomy":"post_tag","embeddable":true,"href":"http:\/\/argentinamunicipal.com.ar\/argentina\/wp-json\/wp\/v2\/tags?post=5990"}],"curies":[{"name":"wp","href":"https:\/\/api.w.org\/{rel}","templated":true}]}}