{"id":6030,"date":"2014-04-17T10:14:39","date_gmt":"2014-04-17T13:14:39","guid":{"rendered":"http:\/\/argentinamunicipal.com.ar\/argentina\/?p=6030"},"modified":"2014-04-17T10:14:39","modified_gmt":"2014-04-17T13:14:39","slug":"fesoem-santa-cruz-pidio-al-gobierno-trabajar-en-la-recuperacion-de-la-css","status":"publish","type":"post","link":"http:\/\/argentinamunicipal.com.ar\/argentina\/fesoem-santa-cruz-pidio-al-gobierno-trabajar-en-la-recuperacion-de-la-css\/","title":{"rendered":"FeSOEM Santa Cruz pidi\u00f3 al Gobierno trabajar en la recuperaci\u00f3n de la CSS"},"content":{"rendered":"<div id=\"attachment_6031\" style=\"width: 370px\" class=\"wp-caption alignright\"><a href=\"http:\/\/argentinamunicipal.com.ar\/argentina\/wp-content\/uploads\/2014\/04\/IMG39029.jpg\"><img loading=\"lazy\" decoding=\"async\" aria-describedby=\"caption-attachment-6031\" class=\"size-full wp-image-6031\" alt=\"Ayer, la reuni\u00f3n del gobernador Daniel Peralta con la Federaci\u00f3n.\" src=\"http:\/\/argentinamunicipal.com.ar\/argentina\/wp-content\/uploads\/2014\/04\/IMG39029.jpg\" width=\"360\" height=\"241\" srcset=\"http:\/\/argentinamunicipal.com.ar\/argentina\/wp-content\/uploads\/2014\/04\/IMG39029.jpg 360w, http:\/\/argentinamunicipal.com.ar\/argentina\/wp-content\/uploads\/2014\/04\/IMG39029-300x200.jpg 300w\" sizes=\"auto, (max-width: 360px) 100vw, 360px\" \/><\/a><p id=\"caption-attachment-6031\" class=\"wp-caption-text\">Ayer, la reuni\u00f3n del gobernador Daniel Peralta con la Federaci\u00f3n.<\/p><\/div>\n<p>Acordaron avanzar en un proyecto que contemple la restituci\u00f3n de la obra social a los trabajadores. En 40 d\u00edas habr\u00eda definiciones. \u201cLa obra social es de los trabajadores, no de los sindicatos\u201d dijo Pedro Mansilla del FeSOEM. Por otro lado, los municipales pidieron trabajar para avanzar en la equiparaci\u00f3n salarial de todos los agentes de la provincia.<\/p>\n<p>La Federaci\u00f3n de Sindicatos de Obreros y Empleados Municipales (FeSOEM) mantuvo ayer por la ma\u00f1ana una reuni\u00f3n con el gobernador de la provincia de Santa Cruz, Daniel Peralta.<\/p>\n<p>En el encuentro hubo debates sobre las subas salariales para los trabajadores municipales, adem\u00e1s del recupero de la Caja de Servicios Sociales.<br \/>\nSobre este encuentro, el mandatario se\u00f1al\u00f3 que \u201cten\u00edamos que avanzar en una ley que consolide lo que ellos plantean, el traspaso saneado de la caja, y estamos de acuerdo. Para eso necesitamos que los municipios hagan los aportes que corresponden a la obra social\u201d.<\/p>\n<p>Peralta consider\u00f3 importante que los trabajadores participen activamente en el manejo de la obra social para puedan tener conocimiento de los n\u00fameros que maneja la entidad, lo que paga a prestadores, entre otros \u00edtems.<\/p>\n<p>Adem\u00e1s sostuvo que se habl\u00f3 del \u201cproblema de unificar un Convenio Colectivo \u00fanico para todos los municipales de la provincia. Pretendemos ayudar a que esto se tome como una pol\u00edtica p\u00fablica, puede ser este gobierno, o el que venga. Hay un mont\u00f3n de cosas que discutir. Hablamos sobre eso y temas como una ART propia. Son temas que pusimos en agenda y en 40 d\u00edas quedamos en tener definiciones\u201d expres\u00f3 el mandatario.<\/p>\n<h3>Federaci\u00f3n<\/h3>\n<p>En tanto, Silvia D\u2019Andrea referente de FeSOEM se\u00f1al\u00f3 a La Opini\u00f3n Austral que en cuanto a lo salarial plantearon que se trabaje para \u201cigualar las condiciones salariales de todos los trabajadores municipales de la provincia.<\/p>\n<p>En la paritaria de la administraci\u00f3n central el Estado se comprometi\u00f3 a pagar 540 pesos de Asignaciones Familiares y hubo municipios que adhirieron a \u00e9se acuerdo, lo cual significa un avance en este pedido\u201d, se\u00f1al\u00f3 D\u2019Andrea. Para avanzar en este camino de la equiparaci\u00f3n salarial tambi\u00e9n deber\u00e1n trabajar en el mismo sentido con los \u00edtems t\u00edtulo, antig\u00fcedad y riesgo.<\/p>\n<p>La referente del FeSOEM indic\u00f3 que el Estado Provincial se comprometi\u00f3 a tratar este pedido y que se deber\u00e1 analizar qu\u00e9 mecanismo se implementar\u00e1 para dar respuesta a dicha demanda.<\/p>\n<p>Frente a esto, deber\u00e1n generar nuevos espacios de encuentros para trabajar en los borradores de lo que a futuro ser\u00e1n los decretos y proyectos de ley necesarios para la equiparaci\u00f3n salarial y el recupero de la CSS.<br \/>\nEn cuanto a la obra social, los municipales demandaron que en un plazo de 180 d\u00edas se llame a elecciones y que sea saneada la obra social.<\/p>\n<p>Pedro Mansilla, secretario general del SOEM R\u00edo Gallegos y titular de la FeSOEM, destac\u00f3 que \u201clos municipales queremos la devoluci\u00f3n de la obra social, no queremos ninguna cuesti\u00f3n que tenga que ver con una transici\u00f3n. Entendemos que la obra social es de los trabajadores, no de los sindicatos. En todo caso los gremios tendr\u00edamos que auditar. Los leg\u00edtimos due\u00f1os somos los trabajadores y habr\u00e1 que generar alg\u00fan mecanismo que nos permita avanzar sobre este tema\u201d a\u00f1adi\u00f3 el gremialista.<\/p>\n<h6>Fuente: La Opini\u00f3n Austral<\/h6>\n","protected":false},"excerpt":{"rendered":"<p>Acordaron avanzar en un proyecto que contemple la restituci\u00f3n de la obra social a los trabajadores. En 40 d\u00edas habr\u00eda definiciones. \u201cLa obra social es de los trabajadores, no de los sindicatos\u201d dijo Pedro Mansilla del FeSOEM. Por otro lado, los municipales pidieron trabajar para avanzar en la equiparaci\u00f3n salarial de todos los agentes de<\/p>\n","protected":false},"author":1,"featured_media":6031,"comment_status":"closed","ping_status":"closed","sticky":false,"template":"","format":"standard","meta":{"footnotes":""},"categories":[7],"tags":[29],"class_list":["post-6030","post","type-post","status-publish","format-standard","has-post-thumbnail","hentry","category-informe-sindical","tag-santa-cruz"],"_links":{"self":[{"href":"http:\/\/argentinamunicipal.com.ar\/argentina\/wp-json\/wp\/v2\/posts\/6030","targetHints":{"allow":["GET"]}}],"collection":[{"href":"http:\/\/argentinamunicipal.com.ar\/argentina\/wp-json\/wp\/v2\/posts"}],"about":[{"href":"http:\/\/argentinamunicipal.com.ar\/argentina\/wp-json\/wp\/v2\/types\/post"}],"author":[{"embeddable":true,"href":"http:\/\/argentinamunicipal.com.ar\/argentina\/wp-json\/wp\/v2\/users\/1"}],"replies":[{"embeddable":true,"href":"http:\/\/argentinamunicipal.com.ar\/argentina\/wp-json\/wp\/v2\/comments?post=6030"}],"version-history":[{"count":0,"href":"http:\/\/argentinamunicipal.com.ar\/argentina\/wp-json\/wp\/v2\/posts\/6030\/revisions"}],"wp:featuredmedia":[{"embeddable":true,"href":"http:\/\/argentinamunicipal.com.ar\/argentina\/wp-json\/wp\/v2\/media\/6031"}],"wp:attachment":[{"href":"http:\/\/argentinamunicipal.com.ar\/argentina\/wp-json\/wp\/v2\/media?parent=6030"}],"wp:term":[{"taxonomy":"category","embeddable":true,"href":"http:\/\/argentinamunicipal.com.ar\/argentina\/wp-json\/wp\/v2\/categories?post=6030"},{"taxonomy":"post_tag","embeddable":true,"href":"http:\/\/argentinamunicipal.com.ar\/argentina\/wp-json\/wp\/v2\/tags?post=6030"}],"curies":[{"name":"wp","href":"https:\/\/api.w.org\/{rel}","templated":true}]}}