{"id":61217,"date":"2017-04-03T07:04:51","date_gmt":"2017-04-03T10:04:51","guid":{"rendered":"http:\/\/argentinamunicipal.com.ar\/argentina\/?p=61217"},"modified":"2017-04-03T07:04:51","modified_gmt":"2017-04-03T10:04:51","slug":"lomas-zamora-malestar-stmlz-las-negociaciones-estan-trabadas","status":"publish","type":"post","link":"http:\/\/argentinamunicipal.com.ar\/argentina\/lomas-zamora-malestar-stmlz-las-negociaciones-estan-trabadas\/","title":{"rendered":"Lomas de Zamora: Malestar en el STMLZ porque las negociaciones \u201cest\u00e1n trabadas\u201d"},"content":{"rendered":"<p>Seg\u00fan inform\u00f3 el titular del gremio, Aldo Castro, el Municipio ya otorg\u00f3 un aumento del 10 por ciento y se acercan las posiciones para llegar al 30 pero la paritaria no est\u00e1 cerrada. \u201cLos intendentes dicen una cosa y despu\u00e9s en los hechos las cosas caminan por otro lado\u201d, dispar\u00f3.<\/p>\n<p>El secretario general del Sindicato de Trabajadores Municipales de Lomas de Zamora (STMLZ), Aldo Castro, sostuvo que la negociaci\u00f3n paritaria \u201cest\u00e1 parada\u201d porque desde el Ejecutivo \u201cno est\u00e1n contestando\u201d.<\/p>\n<p>\u201cNo hay oferta todav\u00eda. Hasta ahora nos dieron un 10 por ciento a cuenta de futuros aumentos y todav\u00eda no est\u00e1 terminada la negociaci\u00f3n\u201d, apunt\u00f3 Castro en di\u00e1logo con Info Regi\u00f3n.<\/p>\n<p>La expectativa inicial del STMLZ era de un incremento del 30 por ciento y el sindicalista indic\u00f3 que \u201cla negociaci\u00f3n se acerca a eso, por ah\u00ed es uno o dos puntos menos pero est\u00e1 por ah\u00ed\u201d. \u201cMenos de eso no puedo aceptar y los trabajadores estamos necesitando urgente una definici\u00f3n\u201d, asever\u00f3.<\/p>\n<p>Cr\u00edticas. Por otro lado, el gremialista se\u00f1al\u00f3 que adem\u00e1s de la paritaria \u201ctampoco se firm\u00f3 el convenio colectivo de trabajo, que son temas importantes para todos los municipales\u201d.<\/p>\n<p>\u201cNo s\u00f3lo ac\u00e1, sino en algunas otras intendencias, los intendentes dicen defender a los trabajadores y cuando hay que firmar convenios colectivos de trabajo y dar aumentos no nos ponemos de acuerdo\u201d, cuestion\u00f3 el titular del STMLZ y agreg\u00f3: \u201cPor un lado dicen una cosa y despu\u00e9s en los hechos, las cosas caminan por otro lado\u201d.<\/p>\n<p>\u201cLos tiempos nuestros son importantes, pero evidentemente para los intendentes no es el mismo. No se preocupan mucho por los tiempos de la gente\u201d, sentenci\u00f3.<\/p>\n<h6>Fuente: InfoRegi\u00f3n<\/h6>\n","protected":false},"excerpt":{"rendered":"<p>Seg\u00fan inform\u00f3 el titular del gremio, Aldo Castro, el Municipio ya otorg\u00f3 un aumento del 10 por ciento y se acercan las posiciones para llegar al 30 pero la paritaria no est\u00e1 cerrada.<\/p>\n","protected":false},"author":2,"featured_media":61218,"comment_status":"closed","ping_status":"closed","sticky":false,"template":"","format":"standard","meta":{"footnotes":""},"categories":[7],"tags":[12],"class_list":["post-61217","post","type-post","status-publish","format-standard","has-post-thumbnail","hentry","category-informe-sindical","tag-buenos-aires"],"_links":{"self":[{"href":"http:\/\/argentinamunicipal.com.ar\/argentina\/wp-json\/wp\/v2\/posts\/61217","targetHints":{"allow":["GET"]}}],"collection":[{"href":"http:\/\/argentinamunicipal.com.ar\/argentina\/wp-json\/wp\/v2\/posts"}],"about":[{"href":"http:\/\/argentinamunicipal.com.ar\/argentina\/wp-json\/wp\/v2\/types\/post"}],"author":[{"embeddable":true,"href":"http:\/\/argentinamunicipal.com.ar\/argentina\/wp-json\/wp\/v2\/users\/2"}],"replies":[{"embeddable":true,"href":"http:\/\/argentinamunicipal.com.ar\/argentina\/wp-json\/wp\/v2\/comments?post=61217"}],"version-history":[{"count":0,"href":"http:\/\/argentinamunicipal.com.ar\/argentina\/wp-json\/wp\/v2\/posts\/61217\/revisions"}],"wp:featuredmedia":[{"embeddable":true,"href":"http:\/\/argentinamunicipal.com.ar\/argentina\/wp-json\/wp\/v2\/media\/61218"}],"wp:attachment":[{"href":"http:\/\/argentinamunicipal.com.ar\/argentina\/wp-json\/wp\/v2\/media?parent=61217"}],"wp:term":[{"taxonomy":"category","embeddable":true,"href":"http:\/\/argentinamunicipal.com.ar\/argentina\/wp-json\/wp\/v2\/categories?post=61217"},{"taxonomy":"post_tag","embeddable":true,"href":"http:\/\/argentinamunicipal.com.ar\/argentina\/wp-json\/wp\/v2\/tags?post=61217"}],"curies":[{"name":"wp","href":"https:\/\/api.w.org\/{rel}","templated":true}]}}