{"id":61220,"date":"2017-04-03T07:09:16","date_gmt":"2017-04-03T10:09:16","guid":{"rendered":"http:\/\/argentinamunicipal.com.ar\/argentina\/?p=61220"},"modified":"2017-04-03T07:09:16","modified_gmt":"2017-04-03T10:09:16","slug":"ferraresi-duro-vidal-denuncio-avellaneda-no-recibio-nuevos-fondos-seguridad","status":"publish","type":"post","link":"http:\/\/argentinamunicipal.com.ar\/argentina\/ferraresi-duro-vidal-denuncio-avellaneda-no-recibio-nuevos-fondos-seguridad\/","title":{"rendered":"Ferraresi duro con Vidal: Denunci\u00f3 que Avellaneda no recibi\u00f3 nuevos fondos para seguridad"},"content":{"rendered":"<p>El Intendente de Avellaneda, Jorge Ferraresi, dej\u00f3 en claro que su municipio no recibi\u00f3 nuevos fondos en materia de seguridad, respecto al a\u00f1o pasado. Adem\u00e1s critic\u00f3 la decisi\u00f3n del cierre en las inscripciones de la polic\u00eda local.<\/p>\n<p>En el discurso con el que abri\u00f3 el periodo de sesiones ordinarias del Concejo Deliberante local, el intendente de Avellaneda, Jorge Ferraresi, carg\u00f3 contra el desfinanciamiento de su distrito por parte de\u00a0la Provincia.<\/p>\n<p>Luego\u00a0de leer parte de un art\u00edculo del Diario\u00a0La Naci\u00f3n\u00a0en el que dec\u00eda que Avellaneda es el partido m\u00e1s rezagado en el env\u00edo de fondos provinciales, dijo a los ediles que \u201cen 2016 la gobernaci\u00f3n nos envi\u00f3 $38 millones del Fondo de Seguridad, mientras que este a\u00f1o la inversi\u00f3n es $0. Adem\u00e1s, cerr\u00f3 la inscripci\u00f3n a la polic\u00eda local y traslad\u00f3 130 efectivos a otros distritos\u201d.<\/p>\n<p>Ferraresi tambi\u00e9n explic\u00f3 que su municipio construy\u00f3 \u201ccon fondos propios, tres bases operativas para el funcionamiento del SAME\u201d y que si todav\u00eda no se implement\u00f3 en Avellaneda \u201ces por los incumplimientos de parte del gobierno provincial\u201d.<\/p>\n<h6>Fuente: InfoCielo<\/h6>\n","protected":false},"excerpt":{"rendered":"<p>El Intendente de Avellaneda, Jorge Ferraresi, dej\u00f3 en claro que su municipio no recibi\u00f3 nuevos fondos en materia de seguridad, respecto al a\u00f1o pasado. Adem\u00e1s critic\u00f3 la decisi\u00f3n del cierre en las inscripciones de la polic\u00eda local.<\/p>\n","protected":false},"author":2,"featured_media":61221,"comment_status":"closed","ping_status":"closed","sticky":false,"template":"","format":"standard","meta":{"footnotes":""},"categories":[4],"tags":[12],"class_list":["post-61220","post","type-post","status-publish","format-standard","has-post-thumbnail","hentry","category-informe-politico","tag-buenos-aires"],"_links":{"self":[{"href":"http:\/\/argentinamunicipal.com.ar\/argentina\/wp-json\/wp\/v2\/posts\/61220","targetHints":{"allow":["GET"]}}],"collection":[{"href":"http:\/\/argentinamunicipal.com.ar\/argentina\/wp-json\/wp\/v2\/posts"}],"about":[{"href":"http:\/\/argentinamunicipal.com.ar\/argentina\/wp-json\/wp\/v2\/types\/post"}],"author":[{"embeddable":true,"href":"http:\/\/argentinamunicipal.com.ar\/argentina\/wp-json\/wp\/v2\/users\/2"}],"replies":[{"embeddable":true,"href":"http:\/\/argentinamunicipal.com.ar\/argentina\/wp-json\/wp\/v2\/comments?post=61220"}],"version-history":[{"count":0,"href":"http:\/\/argentinamunicipal.com.ar\/argentina\/wp-json\/wp\/v2\/posts\/61220\/revisions"}],"wp:featuredmedia":[{"embeddable":true,"href":"http:\/\/argentinamunicipal.com.ar\/argentina\/wp-json\/wp\/v2\/media\/61221"}],"wp:attachment":[{"href":"http:\/\/argentinamunicipal.com.ar\/argentina\/wp-json\/wp\/v2\/media?parent=61220"}],"wp:term":[{"taxonomy":"category","embeddable":true,"href":"http:\/\/argentinamunicipal.com.ar\/argentina\/wp-json\/wp\/v2\/categories?post=61220"},{"taxonomy":"post_tag","embeddable":true,"href":"http:\/\/argentinamunicipal.com.ar\/argentina\/wp-json\/wp\/v2\/tags?post=61220"}],"curies":[{"name":"wp","href":"https:\/\/api.w.org\/{rel}","templated":true}]}}