{"id":61223,"date":"2017-04-03T07:11:54","date_gmt":"2017-04-03T10:11:54","guid":{"rendered":"http:\/\/argentinamunicipal.com.ar\/argentina\/?p=61223"},"modified":"2017-04-03T07:11:54","modified_gmt":"2017-04-03T10:11:54","slug":"los-municipales-bonaerenses-adhieren-al-paro-la-cgt-reclaman-paritarias-todos-los-distritos","status":"publish","type":"post","link":"http:\/\/argentinamunicipal.com.ar\/argentina\/los-municipales-bonaerenses-adhieren-al-paro-la-cgt-reclaman-paritarias-todos-los-distritos\/","title":{"rendered":"Los municipales bonaerenses adhieren al paro de la CGT y reclaman paritarias en todos los distritos"},"content":{"rendered":"<p>Las organizaciones sindicales de trabajadores municipales bonaerenses acordaron adherir a la medida de fuerza del 6 de abril. Adem\u00e1s, plantearon l\u00edneas de acci\u00f3n para exigir que todos los intendentes regularicen la situaci\u00f3n de los empleados municipales.<\/p>\n<p>La Federaci\u00f3n de Sindicatos Municipales Bonaerenses, Fe.Si.Mu.Bo., se reuni\u00f3 ayer para analizar la situaci\u00f3n laboral y productiva del pa\u00eds y, fundamentalmente, la de los empleados municipales, dentro del nuevo marco econ\u00f3mico planteado por el gobierno nacional.<\/p>\n<p>Durante el encuentro, encabezado por el Secretario General del organismo, Rub\u00e9n \u201cCholo\u201d Garc\u00eda, los dirigentes acordaron adherir al paro nacional del 6 de abril\u00a0 resuelto por la CGT nacional, en concordancia con lo resuelto por la Confederaci\u00f3n de Trabajadores Municipales de la Rep\u00fablica.<\/p>\n<p>Con la presencia de 112 organizaciones sindicales en Avellaneda, los representantes profundizaron sobre las realidades de los municipios bonaerenses cuyos intendentes se niegan a cumplir la ley provincial 14.656, de cumplimiento obligatorio.<\/p>\n<p>En el encuentro, que tuvo como ejes las paritarias libres y los convenios colectivos de trabajo, se determin\u00f3 de forma un\u00e1nime la coordinaci\u00f3n de las acciones sindicales en cada distrito y en la Provincia en general, en funci\u00f3n de obtener respuesta favorable por parte de los 135 municipios en el cumplimiento de la norma.<\/p>\n<p>En ese sentido, resolvieron exigir a los intendentes municipales el cumplimiento de la ley 14.656 y la firma de los convenios colectivos de trabajo en los 135 distritos bonaerenses y la conformaci\u00f3n de mesas paritarias.<\/p>\n<p>Adem\u00e1s, acordaron declarar estado de alerta y movilizaci\u00f3n permanente, llevando a cabo plenarios de los sindicatos de la regi\u00f3n en el municipio donde no se cumpla la ley.<\/p>\n<p>Los sindicatos tambi\u00e9n plantearon la necesidad de exigir al gobierno provincial la urgente conformaci\u00f3n del Consejo Provincial de Empleo Municipal y reclamar la celeridad y atenci\u00f3n de excelencia en las tramitaciones que correspondan, tanto en el IOMA como en el IPS.<\/p>\n<p>Durante el plenario, los sindicatos que se nuclean en el organismo decidieron apoyar las acciones gremiales de los docentes y de los trabajadores de AGR, la imprenta del Grupo Clar\u00edn que se encuentra en conflicto desde hace meses.<\/p>\n<p>Adem\u00e1s, los dirigentes acordaron repudiar \u201clos intentos de grupos sectarios que pretenden mancillar, con falacias, la Memoria por la Verdad y la Justicia\u201d.<\/p>\n<h6>Fuente: InfoCielo<\/h6>\n","protected":false},"excerpt":{"rendered":"<p>Las organizaciones sindicales de trabajadores municipales bonaerenses acordaron adherir a la medida de fuerza del 6 de abril. Adem\u00e1s, plantearon l\u00edneas de acci\u00f3n para exigir que todos los intendentes regularicen la situaci\u00f3n de los empleados municipales.<\/p>\n","protected":false},"author":2,"featured_media":61224,"comment_status":"closed","ping_status":"closed","sticky":false,"template":"","format":"standard","meta":{"footnotes":""},"categories":[7],"tags":[12],"class_list":["post-61223","post","type-post","status-publish","format-standard","has-post-thumbnail","hentry","category-informe-sindical","tag-buenos-aires"],"_links":{"self":[{"href":"http:\/\/argentinamunicipal.com.ar\/argentina\/wp-json\/wp\/v2\/posts\/61223","targetHints":{"allow":["GET"]}}],"collection":[{"href":"http:\/\/argentinamunicipal.com.ar\/argentina\/wp-json\/wp\/v2\/posts"}],"about":[{"href":"http:\/\/argentinamunicipal.com.ar\/argentina\/wp-json\/wp\/v2\/types\/post"}],"author":[{"embeddable":true,"href":"http:\/\/argentinamunicipal.com.ar\/argentina\/wp-json\/wp\/v2\/users\/2"}],"replies":[{"embeddable":true,"href":"http:\/\/argentinamunicipal.com.ar\/argentina\/wp-json\/wp\/v2\/comments?post=61223"}],"version-history":[{"count":0,"href":"http:\/\/argentinamunicipal.com.ar\/argentina\/wp-json\/wp\/v2\/posts\/61223\/revisions"}],"wp:featuredmedia":[{"embeddable":true,"href":"http:\/\/argentinamunicipal.com.ar\/argentina\/wp-json\/wp\/v2\/media\/61224"}],"wp:attachment":[{"href":"http:\/\/argentinamunicipal.com.ar\/argentina\/wp-json\/wp\/v2\/media?parent=61223"}],"wp:term":[{"taxonomy":"category","embeddable":true,"href":"http:\/\/argentinamunicipal.com.ar\/argentina\/wp-json\/wp\/v2\/categories?post=61223"},{"taxonomy":"post_tag","embeddable":true,"href":"http:\/\/argentinamunicipal.com.ar\/argentina\/wp-json\/wp\/v2\/tags?post=61223"}],"curies":[{"name":"wp","href":"https:\/\/api.w.org\/{rel}","templated":true}]}}