{"id":61226,"date":"2017-04-03T07:14:08","date_gmt":"2017-04-03T10:14:08","guid":{"rendered":"http:\/\/argentinamunicipal.com.ar\/argentina\/?p=61226"},"modified":"2017-04-03T07:14:08","modified_gmt":"2017-04-03T10:14:08","slug":"bajando-las-persianas-preocupa-cierre-masivo-comercios-la-ciudad-la-plata","status":"publish","type":"post","link":"http:\/\/argentinamunicipal.com.ar\/argentina\/bajando-las-persianas-preocupa-cierre-masivo-comercios-la-ciudad-la-plata\/","title":{"rendered":"Bajando las persianas: preocupa el cierre masivo de comercios en la ciudad de La Plata"},"content":{"rendered":"<p>Muchos de quienes apostaron a un negocio como fuente de ingreso se vieron sobrepasados por los aumentos en las tarifas de servicios, los precios desmedidos de los alquileres, las altas cargas impositivas y una mutaci\u00f3n en la din\u00e1mica de consumo que no escapa a casi ning\u00fan rubro.<\/p>\n<p>Vendedores asfixiados por la crisis econ\u00f3mica cierran sus puertas dejando a miles de personas en la calle en la capital provincial. Los tarifazos en los servicios, la altas cargas impositivas y alquileres dif\u00edciles de afrontar se le suman a una notoria disminuci\u00f3n del consumo guiada por un cambio en los h\u00e1bitos\u00a0a causa de la inflaci\u00f3n.<\/p>\n<p>El equipo de Qm Noticias se acerc\u00f3 al centro platense para preguntarle a los comerciantes c\u00f3mo sobrellevan esta situaci\u00f3n, que cada vez afecta a m\u00e1s locales de la ciudad.<\/p>\n<p>\u201cLa gente est\u00e1 bastante reticente con los gastos y eso se est\u00e1 viendo reflejado en los comercios\u201d, manifest\u00f3 el director de la C\u00e1mara de Comercio e Industria local, Fabi\u00e1n Testa. \u201cBasta con caminar por el centro y ver la cantidad de comercios que tienen el cartel de alquiler, y firmas importantes\u201d, recalc\u00f3.<\/p>\n<p>Si bien la baja en las ventas es un factor com\u00fan en todos los rubros y \u201cse est\u00e1 haciendo muy oneroso mantener la cortina levantada d\u00eda a d\u00eda\u201d, los sectores gastron\u00f3mico y de servicios son los que \u201csubsisten\u201d, seg\u00fan asegur\u00f3.<\/p>\n<p>Asimismo, los vendedores consultados mencionaron que en la calle no hay plata y que, el que tiene, la ahorra. \u201cCuesta vender en efectivo sobre todo\u201d, se\u00f1alaron, y aportaron una mirada optimista para los meses venideros. \u201cTenemos la esperanza de que en abril remonte un poco m\u00e1s\u201d, admitieron.<\/p>\n<h6>Fuente: InfoCielo<\/h6>\n","protected":false},"excerpt":{"rendered":"<p>Muchos de quienes apostaron a un negocio como fuente de ingreso se vieron sobrepasados por los aumentos en las tarifas de servicios, los precios desmedidos de los alquileres<\/p>\n","protected":false},"author":2,"featured_media":61227,"comment_status":"closed","ping_status":"closed","sticky":false,"template":"","format":"standard","meta":{"footnotes":""},"categories":[5],"tags":[12],"class_list":["post-61226","post","type-post","status-publish","format-standard","has-post-thumbnail","hentry","category-informe-economico","tag-buenos-aires"],"_links":{"self":[{"href":"http:\/\/argentinamunicipal.com.ar\/argentina\/wp-json\/wp\/v2\/posts\/61226","targetHints":{"allow":["GET"]}}],"collection":[{"href":"http:\/\/argentinamunicipal.com.ar\/argentina\/wp-json\/wp\/v2\/posts"}],"about":[{"href":"http:\/\/argentinamunicipal.com.ar\/argentina\/wp-json\/wp\/v2\/types\/post"}],"author":[{"embeddable":true,"href":"http:\/\/argentinamunicipal.com.ar\/argentina\/wp-json\/wp\/v2\/users\/2"}],"replies":[{"embeddable":true,"href":"http:\/\/argentinamunicipal.com.ar\/argentina\/wp-json\/wp\/v2\/comments?post=61226"}],"version-history":[{"count":0,"href":"http:\/\/argentinamunicipal.com.ar\/argentina\/wp-json\/wp\/v2\/posts\/61226\/revisions"}],"wp:featuredmedia":[{"embeddable":true,"href":"http:\/\/argentinamunicipal.com.ar\/argentina\/wp-json\/wp\/v2\/media\/61227"}],"wp:attachment":[{"href":"http:\/\/argentinamunicipal.com.ar\/argentina\/wp-json\/wp\/v2\/media?parent=61226"}],"wp:term":[{"taxonomy":"category","embeddable":true,"href":"http:\/\/argentinamunicipal.com.ar\/argentina\/wp-json\/wp\/v2\/categories?post=61226"},{"taxonomy":"post_tag","embeddable":true,"href":"http:\/\/argentinamunicipal.com.ar\/argentina\/wp-json\/wp\/v2\/tags?post=61226"}],"curies":[{"name":"wp","href":"https:\/\/api.w.org\/{rel}","templated":true}]}}