{"id":61229,"date":"2017-04-03T06:14:31","date_gmt":"2017-04-03T09:14:31","guid":{"rendered":"http:\/\/argentinamunicipal.com.ar\/argentina\/?p=61229"},"modified":"2017-04-03T07:17:01","modified_gmt":"2017-04-03T10:17:01","slug":"punta-alta-sindicato-los-municipales-pedira-respaldo-los-ediles","status":"publish","type":"post","link":"http:\/\/argentinamunicipal.com.ar\/argentina\/punta-alta-sindicato-los-municipales-pedira-respaldo-los-ediles\/","title":{"rendered":"Punta Alta: El sindicato de los municipales pedir\u00e1 el respaldo de los ediles"},"content":{"rendered":"<p>El pr\u00f3ximo lunes, a las 17, se prev\u00e9 una concentraci\u00f3n en la plaza Belgrano para asistir luego al CD.<\/p>\n<p>Tras las 24 horas de paro cumplidas la semana anterior, el Sindicato de Trabajadores Municipales, que nuclea al mayor porcentaje de agentes de la comuna rosale\u00f1a, realiz\u00f3 una convocatoria para el lunes venidero, a las 17, en la plaza General Belgrano.<\/p>\n<p>En ese espacio, m\u00e1s all\u00e1 de demostrar su descontento por la falta de respuestas satisfactorias por parte del Departamento Ejecutivo, la intenci\u00f3n de los trabajadores es estar presentes en el inicio de sesiones ordinarias del Concejo Deliberante donde, como es costumbre, se prev\u00e9 el discurso del intendente Mariano Uset.<\/p>\n<p>No obstante, el mismo lunes, en horas de la ma\u00f1ana, existe la posibilidad de que las partes se sientan nuevamente a conversar para avanzar en las negociaciones e intentar destrabar el conflicto.<\/p>\n<p>La \u00faltima oferta del gabinete municipal consisti\u00f3 en una suba del 5% a partir de abril, porcentaje que en principio se hab\u00eda fijado para el mes de julio.<\/p>\n<p>Por su parte, desde el sector gremial se requiri\u00f3 para las charlas iniciales un aumento del 10% no remunerativo para convertirlo en blanco en julio, m\u00e1s un 10% de bonificaci\u00f3n por estudios primarios, situaci\u00f3n que beneficiar\u00eda a quienes menos perciben en concepto de sueldo, seg\u00fan explic\u00f3 Jorge Herrera, secretario general del STM.<\/p>\n<p>\u00abAdem\u00e1s este punto se establece con claridad en el convenio de trabajo. Tendremos que esperar la respuesta el pr\u00f3ximo lunes\u00bb, agreg\u00f3.<\/p>\n<p>Mientras tanto, mediante una nota firmada por Herrera y Mar\u00eda Spadini (secretaria ajdunta) se aclar\u00f3 que \u00abno somos enemigos del intendente ni tampoco somos sus pol\u00edticos. No queremos desestabilizar a ning\u00fan gobierno\u00bb.<\/p>\n<p>\u00abS\u00f3lo queremos cobrar un sueldo digno y seguir trabajando junto al Ejecutivo porque simplemente somos empleados municipales\u00bb, se expres\u00f3.<\/p>\n<p>Dirigi\u00e9ndose al jefe comunal, en la nota se dice, adem\u00e1s, que \u00abtenemos convicciones e ideas, no nos maneja ning\u00fan sector pol\u00edtico, no subestime nuestra capacidad de organizaci\u00f3n\u00bb.<\/p>\n<p>\u00abSomos, por ejemplo, los recolectores que hacemos todo lo posible para mantener limpia nuestra ciudad y los que ayudamos a los vecinos en los centros de atenci\u00f3n\u00bb, se se\u00f1al\u00f3.<\/p>\n<h6>Fuente: La Nueva<\/h6>\n","protected":false},"excerpt":{"rendered":"<p>El pr\u00f3ximo lunes, a las 17, se prev\u00e9 una concentraci\u00f3n en la plaza Belgrano para asistir luego al CD.<\/p>\n","protected":false},"author":2,"featured_media":61230,"comment_status":"closed","ping_status":"closed","sticky":false,"template":"","format":"standard","meta":{"footnotes":""},"categories":[7],"tags":[12],"class_list":["post-61229","post","type-post","status-publish","format-standard","has-post-thumbnail","hentry","category-informe-sindical","tag-buenos-aires"],"_links":{"self":[{"href":"http:\/\/argentinamunicipal.com.ar\/argentina\/wp-json\/wp\/v2\/posts\/61229","targetHints":{"allow":["GET"]}}],"collection":[{"href":"http:\/\/argentinamunicipal.com.ar\/argentina\/wp-json\/wp\/v2\/posts"}],"about":[{"href":"http:\/\/argentinamunicipal.com.ar\/argentina\/wp-json\/wp\/v2\/types\/post"}],"author":[{"embeddable":true,"href":"http:\/\/argentinamunicipal.com.ar\/argentina\/wp-json\/wp\/v2\/users\/2"}],"replies":[{"embeddable":true,"href":"http:\/\/argentinamunicipal.com.ar\/argentina\/wp-json\/wp\/v2\/comments?post=61229"}],"version-history":[{"count":0,"href":"http:\/\/argentinamunicipal.com.ar\/argentina\/wp-json\/wp\/v2\/posts\/61229\/revisions"}],"wp:featuredmedia":[{"embeddable":true,"href":"http:\/\/argentinamunicipal.com.ar\/argentina\/wp-json\/wp\/v2\/media\/61230"}],"wp:attachment":[{"href":"http:\/\/argentinamunicipal.com.ar\/argentina\/wp-json\/wp\/v2\/media?parent=61229"}],"wp:term":[{"taxonomy":"category","embeddable":true,"href":"http:\/\/argentinamunicipal.com.ar\/argentina\/wp-json\/wp\/v2\/categories?post=61229"},{"taxonomy":"post_tag","embeddable":true,"href":"http:\/\/argentinamunicipal.com.ar\/argentina\/wp-json\/wp\/v2\/tags?post=61229"}],"curies":[{"name":"wp","href":"https:\/\/api.w.org\/{rel}","templated":true}]}}