{"id":61232,"date":"2017-04-03T07:27:58","date_gmt":"2017-04-03T10:27:58","guid":{"rendered":"http:\/\/argentinamunicipal.com.ar\/argentina\/?p=61232"},"modified":"2017-04-03T07:27:58","modified_gmt":"2017-04-03T10:27:58","slug":"desde-asumio-macri-perdieron-empleo-5000-trabajadores-del-calzado","status":"publish","type":"post","link":"http:\/\/argentinamunicipal.com.ar\/argentina\/desde-asumio-macri-perdieron-empleo-5000-trabajadores-del-calzado\/","title":{"rendered":"Desde que asumi\u00f3 Macri perdieron su empleo 5000 trabajadores del calzado"},"content":{"rendered":"<p>Es una de las industrias m\u00e1s castigadas por el ajuste y las importaciones. Esta semana Puma despidi\u00f3 a 140 personas.<\/p>\n<p>Las medidas econ\u00f3micas y sociales del gobierno de Cambiemos arras\u00f3 con la econom\u00eda de las peque\u00f1as y medianas empresas y los n\u00fameros de la industria del calzado as\u00ed lo demuestran. Desde el 10 de diciembre de 2015 hasta la fecha, el sector del calzado perdi\u00f3 5.000 puestos de trabajo, que representa m\u00e1s del 30 por ciento de lo que empleaba.<\/p>\n<p>Esta semana para remarcar la tendencia, la empresa Puma despidi\u00f3 a 140 personas de tres de sus cuatro plantas ubicadas en la provincia de La Rioja.<\/p>\n<p>Esta firma, de octubre de 2016 a hoy baj\u00f3 la plantilla en un 50 por ciento.<\/p>\n<p>En los \u00faltimos d\u00edas el\u00a0ministro de Trabajo, Jorge Triaca, y de Producci\u00f3n, Francisco Cabrera, se reunieron con los gremios del sector para prometerles que pronto habr\u00e1 una reactivaci\u00f3n.<\/p>\n<p>Por su parte, el secretario general del gremo, Agust\u00edn Amicone, declar\u00f3 al diario Clar\u00edn que por ahora la expectativa es \u00abcero\u00bb. Adem\u00e1s, agreg\u00f3: \u00abNos ofrecieron Repro (el Estado paga parte de los salarios) para empresas en situaci\u00f3n de crisis, pero el 99% de los empresarios los rechaza porque no pueden sostener la empresa con tanta ca\u00edda del consumo\u00bb.<\/p>\n<p>Asimismo, se\u00f1al\u00f3 que su pedido constante a la Casa Rosada es que se realicen \u00abimportaciones inteligentes\u00bb y no \u00abindiscriminadamente\u00bb.<\/p>\n<p>\u00abEn la industria hay 5.000 trabajadores que ensamblan las piezas de los calzados importados y es por eso que no pedimos cerrar la importaci\u00f3n sino que se administre inteligentemente\u00bb, resumi\u00f3.<\/p>\n<h6>Fuente: InfoNews<\/h6>\n","protected":false},"excerpt":{"rendered":"<p>Es una de las industrias m\u00e1s castigadas por el ajuste y las importaciones. Esta semana Puma despidi\u00f3 a 140 personas.<\/p>\n","protected":false},"author":2,"featured_media":61233,"comment_status":"closed","ping_status":"closed","sticky":false,"template":"","format":"standard","meta":{"footnotes":""},"categories":[8],"tags":[21],"class_list":["post-61232","post","type-post","status-publish","format-standard","has-post-thumbnail","hentry","category-informe-nacional","tag-argentina"],"_links":{"self":[{"href":"http:\/\/argentinamunicipal.com.ar\/argentina\/wp-json\/wp\/v2\/posts\/61232","targetHints":{"allow":["GET"]}}],"collection":[{"href":"http:\/\/argentinamunicipal.com.ar\/argentina\/wp-json\/wp\/v2\/posts"}],"about":[{"href":"http:\/\/argentinamunicipal.com.ar\/argentina\/wp-json\/wp\/v2\/types\/post"}],"author":[{"embeddable":true,"href":"http:\/\/argentinamunicipal.com.ar\/argentina\/wp-json\/wp\/v2\/users\/2"}],"replies":[{"embeddable":true,"href":"http:\/\/argentinamunicipal.com.ar\/argentina\/wp-json\/wp\/v2\/comments?post=61232"}],"version-history":[{"count":0,"href":"http:\/\/argentinamunicipal.com.ar\/argentina\/wp-json\/wp\/v2\/posts\/61232\/revisions"}],"wp:featuredmedia":[{"embeddable":true,"href":"http:\/\/argentinamunicipal.com.ar\/argentina\/wp-json\/wp\/v2\/media\/61233"}],"wp:attachment":[{"href":"http:\/\/argentinamunicipal.com.ar\/argentina\/wp-json\/wp\/v2\/media?parent=61232"}],"wp:term":[{"taxonomy":"category","embeddable":true,"href":"http:\/\/argentinamunicipal.com.ar\/argentina\/wp-json\/wp\/v2\/categories?post=61232"},{"taxonomy":"post_tag","embeddable":true,"href":"http:\/\/argentinamunicipal.com.ar\/argentina\/wp-json\/wp\/v2\/tags?post=61232"}],"curies":[{"name":"wp","href":"https:\/\/api.w.org\/{rel}","templated":true}]}}