{"id":61238,"date":"2017-04-03T07:40:26","date_gmt":"2017-04-03T10:40:26","guid":{"rendered":"http:\/\/argentinamunicipal.com.ar\/argentina\/?p=61238"},"modified":"2017-04-03T07:40:26","modified_gmt":"2017-04-03T10:40:26","slug":"las-marchas-la-grieta","status":"publish","type":"post","link":"http:\/\/argentinamunicipal.com.ar\/argentina\/las-marchas-la-grieta\/","title":{"rendered":"Las marchas y la grieta"},"content":{"rendered":"<p>Por Mempo Giardinelli<br \/>\nMuch\u00edsima gente en la marcha macrista de este s\u00e1bado. Guste o no, deprima o no, fue el hecho nacional de esta semana. En el mundo, en cambio, conmovi\u00f3 m\u00e1s la muerte del gran poeta ruso Yevgueni Yevtushenko, aqu\u00ed casi ignorada.<\/p>\n<p>Fue una gran manifestaci\u00f3n antiperonista, realizada en d\u00eda feriado para subrayar que los marchantes eran \u201cgente de trabajo\u201d y no vagos acarreados en micros a cambio de choripanes y 500 pesos, seg\u00fan la delirante suposici\u00f3n del Sr. Gonz\u00e1lez Fraga.<\/p>\n<p>Convocados y alentados disimuladamente por el Gobierno, e incentivados por la telebasura que durante horas no se ocup\u00f3 de otra cosa, la insistencia en que el Gobierno no ten\u00eda nada que ver fue la prueba perfecta de lo contrario. El macrismo se maneja con astucia en las redes sociales, que domina, pero en cuestiones territoriales se les ve siempre la costura, como cuando llevan a Macri a barrios, bondis o centros de jubilados previamente montados para parecer \u201cnaturales\u201d.<\/p>\n<p>Para esta marcha, nueva e inteligentemente se apropiaron de un sentimiento caro y fuerte: \u201cPor la democracia\u201d. Y aunque no fue tan masiva como las cinco manifestaciones populares de marzo, corresponde reconocerla aunque lo multitudinario se redujo a la otrora llamada Capital Federal, donde la Polic\u00eda de la Ciudad calcul\u00f3 que llegaron unas 25 mil personas para hacer, por fin, una Plaza de Mayo incontaminada de peronistas, gronchos e inmigrantes, libre de Kas, Abuelas, Madres y populistas, exenta de zurdos y villeros.<\/p>\n<p>En el interior del pa\u00eds, en cambio, s\u00f3lo hubo algunos miles en C\u00f3rdoba y algunos centenares en una docena de ciudades. Pero, como fuere, el impacto fue grande y super\u00f3 lo que muchos esperaban. Pocos j\u00f3venes y mayoritariamente up 50-60, es cierto, y el grueso de ellos de clase media y media alta. Pero muchos. Y fue por eso, por n\u00famero y composici\u00f3n, una manifestaci\u00f3n importante que merece atenci\u00f3n y an\u00e1lisis. Necio es negarlo. Y sobre todo porque fue el perfecto indicador del estado de la grieta que enferma a nuestra sociedad.<\/p>\n<p>Y \u00e9ste es el punto. Porque es verdad que lo que se entiende por grieta \u2013como quiebre o abismo que separa clases sociales\u2013 siempre hubo y va a haber, en la Argentina y en todo el mundo. Pero lo que aqu\u00ed y ahora se propagandiza como \u201cla\u201d grieta es el producto de la fenomenal canallada que inventaron, impusieron y fomentan con ferocidad los medios dominantes. A eso alud\u00eda esta columna la semana pasada: al invento perverso que instalaron para dividir y polarizar a la sociedad, utiliz\u00e1ndola para su propaganda electoral, y que siguen usando para dibujar una realidad que no existe mientras niegan y deforman la realidad evidente. Y para incendiar \u00e1nimos, cultivar incautos, engordar resentimientos y joder la pobre inocencia de la gente.<\/p>\n<p>Es curioso, adem\u00e1s, que odien tanto a Venezuela aunque hacen todo lo posible para igualarse en la actual desdicha de ese pa\u00eds hermano. Responden a marchas populares con marchas burguesas y un obsesivo odio de clases; al resentimiento social con el resentimiento de ricos, que es peor. Y fingen ignorar la objetivamente ilegal e infame c\u00e1rcel a Milagro Sala.<\/p>\n<p>Todos perdemos con la grieta. No elecciones solamente; tambi\u00e9n afectos, amistades, confianzas hist\u00f3ricas con quienes simplemente piensan distinto. A muchos nos doli\u00f3 y nos duele que en estos a\u00f1os parientes, amigos, colegas, compa\u00f1eros de trabajo o de la vida, est\u00e9n tan inflamados de odio, ese sentimiento despreciable y indignificante, y enojados sin saber por qu\u00e9 ni qui\u00e9n ni c\u00f3mo los indujo a odiar.<\/p>\n<p>La grieta no fue, no es y nunca ser\u00e1 m\u00e1s que una tramoya, un enga\u00f1o. Ni siquiera un espejismo, que, como las ilusiones, al menos sirven para imaginar nobles fantas\u00edas. La grieta medi\u00e1tica que inventaron algunos periodistas y fogonean redacciones y canales muestra la peor cara de la democracia degradada que hoy rige este pa\u00eds atormentado.<\/p>\n<p>La siguen fomentando, ahora con el negacionismo, y siempre con frivolidades como bailes machistas y viejas se\u00f1oras que comen banquetes a la vista de un pa\u00eds con 14 millones de pobres e indigentes. La grieta la profundizan hablando de nada mientras Clar\u00edn y La Naci\u00f3n se ocupan de estupideces como las ropas de la primera dama en Holanda para proteger a su Gobierno t\u00edtere silenciando negociados con los bienes p\u00fablicos mientras se destruyen la Educaci\u00f3n, el Trabajo, la Producci\u00f3n y la Seguridad Social.<\/p>\n<p>Y todo con la ins\u00f3lita, vergonzosa complicidad de un partido centenario que supo ser int\u00e9rprete de sentimientos nacionales y populares. Hoy degradado hasta lo inconcebible, el radicalismo en licuaci\u00f3n macrista no interpreta el sentimiento de miles de radicales. Pocos son los que reaccionan, como ahora Ricardo Alfons\u00edn, quien parece decidido a tomar distancia de los bandidos del Grupo de Tareas, Negocios y Negacionismo.<\/p>\n<p>Intoxicados de un revanchismo antiperonista que no se ve\u00eda desde los fusilamientos y los bombardeos a\u00e9reos a Plaza de Mayo hace 60 a\u00f1os, polarizan y agrandan la grieta al ritmo que les marca Dur\u00e1n Barba y que repiten los mentimedios. \u201cO amigo o enemigo\u201d es la consigna. Y enemigo declaran a todo aquel que, aunque decente, consideran corrupto porque apoya a los \u201cque se robaron todo\u201d. Estupidez vac\u00eda con la que exculpan el robo sistem\u00e1tico que practican familiares, amigos y parientes de este Gobierno protegido por un hato de jueces y fiscales y los grandes mentimedios.<\/p>\n<p>Las lindas piernas y la sonrisa angelical de la gobernadora Mar\u00eda Eugenia Vidal frente al porte panz\u00f3n y barbudo del morochazo Roberto Baradel simbolizan, hoy, las dos fracciones en que desdichadamente han logrado partir a este pa\u00eds que durante 200 a\u00f1os luch\u00f3 por ser una naci\u00f3n integrada e integradora gracias a m\u00e1s de 10 millones de inmigrantes llegados de todo el mundo, y en las \u00faltimas d\u00e9cadas mayoritariamente de Nuestra Am\u00e9rica.<\/p>\n<p>Romper sistem\u00e1ticamente esa tradici\u00f3n y ese logro es, por lo menos, miserable.<\/p>\n<h6>Fuente: P\u00e1gina 12<\/h6>\n","protected":false},"excerpt":{"rendered":"<p>Much\u00edsima gente en la marcha macrista de este s\u00e1bado. Guste o no, deprima o no, fue el hecho nacional de esta semana. En el mundo, en cambio, conmovi\u00f3 m\u00e1s la muerte del gran poeta ruso Yevgueni Yevtushenko, aqu\u00ed casi ignorada.<\/p>\n","protected":false},"author":2,"featured_media":61239,"comment_status":"closed","ping_status":"closed","sticky":false,"template":"","format":"standard","meta":{"footnotes":""},"categories":[6],"tags":[21],"class_list":["post-61238","post","type-post","status-publish","format-standard","has-post-thumbnail","hentry","category-opiniones","tag-argentina"],"_links":{"self":[{"href":"http:\/\/argentinamunicipal.com.ar\/argentina\/wp-json\/wp\/v2\/posts\/61238","targetHints":{"allow":["GET"]}}],"collection":[{"href":"http:\/\/argentinamunicipal.com.ar\/argentina\/wp-json\/wp\/v2\/posts"}],"about":[{"href":"http:\/\/argentinamunicipal.com.ar\/argentina\/wp-json\/wp\/v2\/types\/post"}],"author":[{"embeddable":true,"href":"http:\/\/argentinamunicipal.com.ar\/argentina\/wp-json\/wp\/v2\/users\/2"}],"replies":[{"embeddable":true,"href":"http:\/\/argentinamunicipal.com.ar\/argentina\/wp-json\/wp\/v2\/comments?post=61238"}],"version-history":[{"count":0,"href":"http:\/\/argentinamunicipal.com.ar\/argentina\/wp-json\/wp\/v2\/posts\/61238\/revisions"}],"wp:featuredmedia":[{"embeddable":true,"href":"http:\/\/argentinamunicipal.com.ar\/argentina\/wp-json\/wp\/v2\/media\/61239"}],"wp:attachment":[{"href":"http:\/\/argentinamunicipal.com.ar\/argentina\/wp-json\/wp\/v2\/media?parent=61238"}],"wp:term":[{"taxonomy":"category","embeddable":true,"href":"http:\/\/argentinamunicipal.com.ar\/argentina\/wp-json\/wp\/v2\/categories?post=61238"},{"taxonomy":"post_tag","embeddable":true,"href":"http:\/\/argentinamunicipal.com.ar\/argentina\/wp-json\/wp\/v2\/tags?post=61238"}],"curies":[{"name":"wp","href":"https:\/\/api.w.org\/{rel}","templated":true}]}}