{"id":61241,"date":"2017-04-03T07:44:26","date_gmt":"2017-04-03T10:44:26","guid":{"rendered":"http:\/\/argentinamunicipal.com.ar\/argentina\/?p=61241"},"modified":"2017-04-03T07:44:26","modified_gmt":"2017-04-03T10:44:26","slug":"los-numeros-no-cierran-tres-febrero","status":"publish","type":"post","link":"http:\/\/argentinamunicipal.com.ar\/argentina\/los-numeros-no-cierran-tres-febrero\/","title":{"rendered":"Los n\u00fameros que no cierran en Tres de Febrero"},"content":{"rendered":"<p>El intendente macrista de Tres de Febrero, Diego Valenzuela, dar\u00e1 inicio hoy a las sesiones ordinarias sin que el Concejo Deliberante le haya aprobado los gastos del a\u00f1o pasado. El FpV y el Frente Renovador denuncian diversas irregularidades.<\/p>\n<p>El oficialismo macrista no logra hacer pie en la legislatura de Tres de Febrero. El intendente local, Diego Valenzuela, no consigui\u00f3 los votos para que le aprueben el balance econ\u00f3mico del 2016 y hoy dar\u00e1 inicio a las sesiones ordinarias del Concejo Deliberante sin tener la rendici\u00f3n de cuentas del ejercicio anterior al d\u00eda. La oposici\u00f3n, que re\u00fane al Frente Renovador y al Frente para la Victoria, objeta, entre otros puntos, \u201cuna contrataci\u00f3n directa por excepci\u00f3n, correspondiente al blindaje de veh\u00edculos con destino a la Secretaria de Seguridad\u201d, realizada sin el correspondiente llamado a licitaci\u00f3n.<\/p>\n<p>\u201cDe la revisi\u00f3n de documentaci\u00f3n referida a la rendici\u00f3n de cuentas del ejercicio 2016 y el an\u00e1lisis de gastos hecho por los concejales de la oposici\u00f3n, surgen varias inconsistencias\u201d, se\u00f1alaron los concejales opositores fundamentando de antemano su rechazo a aprobar los gastos del a\u00f1o pasado, el primer a\u00f1o de gesti\u00f3n del macrismo en el distrito. \u201cSe encontraron excesivas contrataciones a monotributistas en concepto de asesoramiento a distintas secretar\u00edas\u201d, y \u201cadem\u00e1s notamos una notable cantidad de contrataciones bajo el rubro mantenimiento\u201d, apuntaron los ediles de la oposici\u00f3n en su argumentaci\u00f3n contra los gastos presentados por Valenzuela.<\/p>\n<p>El intendente, ex periodista del Grupo Clar\u00edn, dar\u00e1 inicio hoy a las once las sesiones legislativas de su distrito, y como denuncia el conglomerado opositor, ser\u00e1 el primer per\u00edodo \u201cen veinte a\u00f1os que lo hace sin tener aprobada la rendici\u00f3n de gastos\u201d.<\/p>\n<p>El oficialismo tiene seis concejales propios y seis aliados, entre radicales y otros que cambiaron de bancada, como la reconocida ex boxeadora Marcela \u201cTigresa\u201d Acu\u00f1a, que fue electa por el kirchnerismo, luego pas\u00f3 por el massismo y hoy vota con el macrismo. Por su lado, los opositores tambi\u00e9n re\u00fanen doce legisladores, siete del Frente para la Victoria y cinco del Frente Renovador. El mi\u00e9rcoles pasado hab\u00eda cita para evaluar los gastos de la administraci\u00f3n, pero la ausencia de un concejal del oficialismo por cuestiones de salud conden\u00f3 a la falta de garant\u00eda para que quedara aprobado el balance de la gesti\u00f3n de Valenzuela y el oficialismo prefiri\u00f3 la suspensi\u00f3n. Por ahora no hay fecha prevista de tratamiento.<\/p>\n<p>Uno de los elementos que denunciaron los opositores fue \u201cla contrataci\u00f3n directa por excepci\u00f3n, correspondiente al blindaje de veh\u00edculos con destino a la Secretaria de Seguridad por un monto de 1.690.413 pesos, debi\u00e9ndose cumplir con el requisito de llamado a licitaci\u00f3n p\u00fablica, dado que el Art. 156 inciso 1 de La ley Org\u00e1nica Municipal por el cual se quiere justificar dicha contrataci\u00f3n, no se aplica en este caso\u201d. Adem\u00e1s, seg\u00fan trascendi\u00f3, el blindaje habr\u00eda estado a cargo de una empresa vinculada con el ministro de Transporte, Guillermo Dietrich.<\/p>\n<p>Otro aspecto rechazado por la oposici\u00f3n es la \u201csugestiva\u201d cantidad de \u201cpagos de 999.999 pesos para evitar as\u00ed el obligatorio llamado a licitaci\u00f3n p\u00fablica\u201d. Adem\u00e1s la contrataci\u00f3n de \u201cservicios de limpieza en centros culturales\u201d, entre los que resaltan distintas facturas como las de \u201cSede Caseros de 367 mil pesos; Sede Valent\u00edn de G\u00f3mez 484.928 pesos; Cine Paramount de 462.745 pesos\u201d, entre otras erogaciones similares. Tambi\u00e9n objetaron \u201cel enorme gasto que se realiz\u00f3 por el corrimiento del cerco de alambrado en la l\u00ednea del Ferrocarril San Mart\u00edn\u201d, que cost\u00f3 514.477,50 pesos.<\/p>\n<h6>Fuente: P\u00e1gina 12<\/h6>\n","protected":false},"excerpt":{"rendered":"<p>El intendente macrista de Tres de Febrero, Diego Valenzuela, dar\u00e1 inicio hoy a las sesiones ordinarias sin que el Concejo Deliberante le haya aprobado los gastos del a\u00f1o pasado. El FpV y el Frente Renovador denuncian diversas irregularidades.<\/p>\n","protected":false},"author":2,"featured_media":61242,"comment_status":"closed","ping_status":"closed","sticky":false,"template":"","format":"standard","meta":{"footnotes":""},"categories":[4],"tags":[12],"class_list":["post-61241","post","type-post","status-publish","format-standard","has-post-thumbnail","hentry","category-informe-politico","tag-buenos-aires"],"_links":{"self":[{"href":"http:\/\/argentinamunicipal.com.ar\/argentina\/wp-json\/wp\/v2\/posts\/61241","targetHints":{"allow":["GET"]}}],"collection":[{"href":"http:\/\/argentinamunicipal.com.ar\/argentina\/wp-json\/wp\/v2\/posts"}],"about":[{"href":"http:\/\/argentinamunicipal.com.ar\/argentina\/wp-json\/wp\/v2\/types\/post"}],"author":[{"embeddable":true,"href":"http:\/\/argentinamunicipal.com.ar\/argentina\/wp-json\/wp\/v2\/users\/2"}],"replies":[{"embeddable":true,"href":"http:\/\/argentinamunicipal.com.ar\/argentina\/wp-json\/wp\/v2\/comments?post=61241"}],"version-history":[{"count":0,"href":"http:\/\/argentinamunicipal.com.ar\/argentina\/wp-json\/wp\/v2\/posts\/61241\/revisions"}],"wp:featuredmedia":[{"embeddable":true,"href":"http:\/\/argentinamunicipal.com.ar\/argentina\/wp-json\/wp\/v2\/media\/61242"}],"wp:attachment":[{"href":"http:\/\/argentinamunicipal.com.ar\/argentina\/wp-json\/wp\/v2\/media?parent=61241"}],"wp:term":[{"taxonomy":"category","embeddable":true,"href":"http:\/\/argentinamunicipal.com.ar\/argentina\/wp-json\/wp\/v2\/categories?post=61241"},{"taxonomy":"post_tag","embeddable":true,"href":"http:\/\/argentinamunicipal.com.ar\/argentina\/wp-json\/wp\/v2\/tags?post=61241"}],"curies":[{"name":"wp","href":"https:\/\/api.w.org\/{rel}","templated":true}]}}