{"id":61244,"date":"2017-04-03T07:49:23","date_gmt":"2017-04-03T10:49:23","guid":{"rendered":"http:\/\/argentinamunicipal.com.ar\/argentina\/?p=61244"},"modified":"2017-04-03T07:49:23","modified_gmt":"2017-04-03T10:49:23","slug":"pymes-caida-libre-sin-freno","status":"publish","type":"post","link":"http:\/\/argentinamunicipal.com.ar\/argentina\/pymes-caida-libre-sin-freno\/","title":{"rendered":"Pymes: En ca\u00edda libre y sin freno"},"content":{"rendered":"<p>La industria pyme acumula una ca\u00edda de 3,6 por ciento interanual en el bimestre. \u201cEl segundo mes del a\u00f1o volvi\u00f3 a ser malo para la mayor parte de los sectores fabriles\u201d, advirti\u00f3 CAME y destac\u00f3 que de este modo ya van 17 meses consecutivos en baja.<\/p>\n<p>La producci\u00f3n de las peque\u00f1as y medianas empresas industriales cay\u00f3 en febrero 5 por ciento respecto a igual mes del a\u00f1o anterior y acumul\u00f3 en el primer bimestre una baja de 3,6 por ciento interanual, seg\u00fan un relevamiento de la Confederaci\u00f3n Argentina de la Mediana Empresa (CAME). A su vez, la producci\u00f3n de las pymes se retrajo en febrero 5,2 por ciento frente a enero \u00faltimo en la medici\u00f3n sin desestacionalizar. \u201cEl segundo mes del a\u00f1o volvi\u00f3 a ser malo para la mayor parte de los sectores fabriles\u201d, advirti\u00f3 la entidad y destac\u00f3 que de este modo la industria pyme cumpli\u00f3 17 meses consecutivos en baja. En lo que va del a\u00f1o, la ca\u00edda estuvo fuertemente influenciada por el aumento de las importaciones y la retracci\u00f3n del mercado interno.<\/p>\n<p>El informe precis\u00f3 que las dos \u00fanicas ramas que crecieron en febrero en la comparaci\u00f3n interanual fueron: \u201cProductos de metal, maquinaria y equipo\u201d (2,1 por ciento) y \u201cMaterial de Transporte\u201d (10,2 por ciento). A su vez, las bajas m\u00e1s profundas se registraron en: \u201cIndumentaria y Textil\u201d (-15,7 por ciento), \u201cMaderas y muebles\u201d (-14,9), \u201cCalzado y marroquiner\u00eda\u201d (-13,4), \u201cMinerales no met\u00e1licos\u201d (-12,4), \u201cProductos qu\u00edmicos\u201d (-5,1) y \u201cAlimentos y bebidas\u201d (-4,8 por ciento).<\/p>\n<p>En materia de rentabilidad, el informe puntualiz\u00f3 que en febrero descendi\u00f3 a 43,9 por ciento la proporci\u00f3n de empresas con signo positivo (frente a 48 por ciento en enero), mientras que, en ese lapso, se elev\u00f3 de 21 a 24,5 por ciento la cantidad de industrias con rendimiento negativo. \u201cEs el segundo mes en que el beneficio se deteriora despu\u00e9s de que en los \u00faltimos meses de 2016 se ven\u00eda notando una leve recuperaci\u00f3n\u201d, se\u00f1al\u00f3.<\/p>\n<p>La entidad plante\u00f3 que \u201cla continuidad de la recesi\u00f3n en la mayor\u00eda de los sectores incidi\u00f3 en los planes de inversi\u00f3n\u201d. En ese sentido, el relevamiento arroj\u00f3 que la proporci\u00f3n de industrias con planes de expansi\u00f3n para 2017 se redujo a 38,5 por ciento frente a un 41 por ciento del mes anterior. \u201cEsto se debe a que la magnitud de las ca\u00eddas desconcert\u00f3\u201d, consider\u00f3 CAME.<\/p>\n<p>Por otra parte, el sondeo reflej\u00f3 que el 37,7 por ciento de las industrias consultadas manifestaron estar afectadas por el ingreso de importaciones en su sector. \u201cEl principal problema son los productos fabricados en pa\u00edses asi\u00e1ticos o africanos que entran a precios muy bajos y que le quitan mercado al producto nacional en un contexto donde, de por s\u00ed, las ventas est\u00e1n deprimidas\u201d, remarc\u00f3 CAME.<\/p>\n<p>Otro de los motivos que afect\u00f3 la producci\u00f3n es la persistente ca\u00edda de la demanda interna. El a\u00f1o pasado, la suba de precios que sigui\u00f3 a la devaluaci\u00f3n y el tarifazo de los servicios p\u00fablicos impact\u00f3 de lleno en el poder adquisitivo de las familias lo que llev\u00f3 a una fuerte baja del consumo. Desde fines del a\u00f1o pasado el gobierno viene prometiendo una reactivaci\u00f3n gradual, pero la implementaci\u00f3n del Programa Precios Transparentes implementado por el Ministerio de la Producci\u00f3n que conduce Francisco Cabrera le dio el golpe de gracia al consumo al eliminar las cuotas sin inter\u00e9s. La promesa fue que como contrapartida iban a bajar los precios para las compras en efectivo, pero eso pr\u00e1cticamente no ocurri\u00f3. Lo que s\u00ed ocurri\u00f3 fue que quienes ven\u00edan comprando en cuotas dejaron de hacerlo cuando las cuotas se encarecieron. En algunos sectores el derrumbe de las ventas fue tan pronunciado que el Gobierno se vio obligado la semana pasada a dar marcha atr\u00e1s parcialmente al lanzar los programas Ahora 3 y Ahora 6 para la compra de ropa, calzado y marroquiner\u00eda de producci\u00f3n nacional en cuotas sin inter\u00e9s.<\/p>\n<h6>Fuente: P\u00e1gina 12<\/h6>\n","protected":false},"excerpt":{"rendered":"<p>La industria pyme acumula una ca\u00edda de 3,6 por ciento interanual en el bimestre. \u201cEl segundo mes del a\u00f1o volvi\u00f3 a ser malo para la mayor parte de los sectores fabriles\u201d, advirti\u00f3 CAME y destac\u00f3 que de este modo ya van 17 meses consecutivos en baja.<\/p>\n","protected":false},"author":2,"featured_media":61245,"comment_status":"closed","ping_status":"closed","sticky":false,"template":"","format":"standard","meta":{"footnotes":""},"categories":[8],"tags":[21],"class_list":["post-61244","post","type-post","status-publish","format-standard","has-post-thumbnail","hentry","category-informe-nacional","tag-argentina"],"_links":{"self":[{"href":"http:\/\/argentinamunicipal.com.ar\/argentina\/wp-json\/wp\/v2\/posts\/61244","targetHints":{"allow":["GET"]}}],"collection":[{"href":"http:\/\/argentinamunicipal.com.ar\/argentina\/wp-json\/wp\/v2\/posts"}],"about":[{"href":"http:\/\/argentinamunicipal.com.ar\/argentina\/wp-json\/wp\/v2\/types\/post"}],"author":[{"embeddable":true,"href":"http:\/\/argentinamunicipal.com.ar\/argentina\/wp-json\/wp\/v2\/users\/2"}],"replies":[{"embeddable":true,"href":"http:\/\/argentinamunicipal.com.ar\/argentina\/wp-json\/wp\/v2\/comments?post=61244"}],"version-history":[{"count":0,"href":"http:\/\/argentinamunicipal.com.ar\/argentina\/wp-json\/wp\/v2\/posts\/61244\/revisions"}],"wp:featuredmedia":[{"embeddable":true,"href":"http:\/\/argentinamunicipal.com.ar\/argentina\/wp-json\/wp\/v2\/media\/61245"}],"wp:attachment":[{"href":"http:\/\/argentinamunicipal.com.ar\/argentina\/wp-json\/wp\/v2\/media?parent=61244"}],"wp:term":[{"taxonomy":"category","embeddable":true,"href":"http:\/\/argentinamunicipal.com.ar\/argentina\/wp-json\/wp\/v2\/categories?post=61244"},{"taxonomy":"post_tag","embeddable":true,"href":"http:\/\/argentinamunicipal.com.ar\/argentina\/wp-json\/wp\/v2\/tags?post=61244"}],"curies":[{"name":"wp","href":"https:\/\/api.w.org\/{rel}","templated":true}]}}