{"id":61250,"date":"2017-04-03T07:59:13","date_gmt":"2017-04-03T10:59:13","guid":{"rendered":"http:\/\/argentinamunicipal.com.ar\/argentina\/?p=61250"},"modified":"2017-04-03T07:59:13","modified_gmt":"2017-04-03T10:59:13","slug":"la-crisis-social-proponen-plan-defender-la-economia-local-rosario","status":"publish","type":"post","link":"http:\/\/argentinamunicipal.com.ar\/argentina\/la-crisis-social-proponen-plan-defender-la-economia-local-rosario\/","title":{"rendered":"Por la crisis social, proponen un plan para defender la econom\u00eda local en Rosario"},"content":{"rendered":"<p>Ciudad Futura present\u00f3 en el Concejo un proyecto para declarar la emergencia productiva y laboral en la ciudad a fin de evitar despidos<\/p>\n<p>La crisis del empleo y la producci\u00f3n demandan una mayor intervenci\u00f3n del Estado municipal para defender la econom\u00eda local. As\u00ed lo entienden los concejales de Ciudad Futura, que presentaron una proyecto de ordenanza a trav\u00e9s del cual crean un protocolo de acci\u00f3n para evitar despidos arbitrarios y la recuperaci\u00f3n de f\u00e1bricas que cerraron o est\u00e1n en peligro. La iniciativa contempla declarar la emergencia productiva y laboral por un a\u00f1o, conformar un comit\u00e9 de crisis y establecer un sistema localizado de compras del sector p\u00fablico.<\/p>\n<p>El objetivo es que los poderes p\u00fablicos de la ciudad se involucren para enfrentar el cierre de empresas comerciales, industriales y de servicios, la ca\u00edda sostenida de las ventas, los despidos y suspensiones a nivel local, regional y nacional. \u00abLos casos emblem\u00e1ticos ya son conocidos por todos: Mefro Wheels, General Motors, Sancor y muchas otras\u00bb, se\u00f1alaron en el bloque de concejales integrado por Juan Monteverde, Pedro Salinas y Caren Tepp.<\/p>\n<p>El Plan Regional de Defensa del Trabajo, explicaron, apunta a potenciar las potestades y protagonismo del municipio \u00abno s\u00f3lo para sostener las fuentes laborales sino las actividades productivas estrat\u00e9gicas que hacen al desarrollo de la ciudad\u00bb.<\/p>\n<p>Propone declarar la emergencia productiva y laboral y crear un comit\u00e9 de crisis con representantes de la comisi\u00f3n de Producci\u00f3n del Concejo y funcionarios de las \u00e1reas productivas y de la econom\u00eda social del municipio.<\/p>\n<p>Si se aprueba, este comit\u00e9 tendr\u00e1 a su cargo elaborar un protocolo de acci\u00f3n frente a situaciones de crisis de empresas. Entre otras cosas, podr\u00e1 evaluar y recomendar al gobierno local, ante un caso de despidos arbitrarios, la suspensi\u00f3n de las habilitaciones municipales y autorizaciones para funcionar de la empresa en cuesti\u00f3n por el plazo de declaraci\u00f3n de la emergencia.<\/p>\n<p>Tambi\u00e9n tendr\u00e1 a su cargo confeccionar un registro de empresas locales a proteger. La iniciativa contempla que cualquier firma industrial, comercial o de servicios radicada en Rosario que se encuentre en situaci\u00f3n de crisis y prevea despidos estar\u00e1 obligada a informarlo al Ejecutivo y al Concejo para que el gobierno local pueda \u00abpromover acciones intersectoriales tendientes a la conservaci\u00f3n de los puestos de trabajo\u00bb.<\/p>\n<p>El proyecto de ordenanza menciona al menos una decena de programas, planes y herramientas disponibles para tal cometido. Las empresas que no cumplan con la notificaci\u00f3n a las autoridades locales ser\u00e1n inhabilitadas y quedar\u00e1n pasibles de sanciones.<\/p>\n<p>Para la recuperaci\u00f3n de f\u00e1bricas, el protocolo postulado contempla, ante el cierre de una empresa o establecimiento productivo, el asesoramiento a los trabajadores sobre sus derechos. Si las dos terceras partes del personal expresara su voluntad de sostener la producci\u00f3n, \u00abse instrumentar\u00e1n las medidas necesarias para facilitar el proceso de recuperaci\u00f3n de las empresas\u00bb.<\/p>\n<p>La iniciativa establece la \u00abobligatoriedad de compra estatal\u00bb, por la cual el Ejecutivo queda autorizado a realizar contrataciones directas de bienes y servicios de empresas, industrias y comercios locales, los cuales ser\u00e1n relevados y convocados a conformar un \u00abregistro de empresas locales a proteger\u00bb. De esta manera se establece como prioritaria la prestaci\u00f3n local, en primera instancia, y provincial, en segunda. Tambi\u00e9n el Ejecutivo local podr\u00eda \u00abefectuar las adecuaciones de partidas presupuestarias\u00bb para \u00abaumentar, profundizar, articular e implementar las acciones\u00bb fijadas en la ordenanza.<\/p>\n<p>\u00abEl municipio debe intervenir para favorecer a los trabajadores de manera decisiva, sin medias tintas, evitando despidos, recuperando y reabriendo f\u00e1bricas, y fortaleciendo la producci\u00f3n local\u00bb, destacaron los concejales de Ciudad Futura. Y enfatizaron: \u00abNo es tiempo de declamar por los derechos de los trabajadores sino de cumplirlos realmente, y para ello hay que realizar transformaciones estructurales reales y concretas, como las que propone este plan\u00bb.<\/p>\n<h6>Fuente: La Capital Rosario<\/h6>\n","protected":false},"excerpt":{"rendered":"<p>Ciudad Futura present\u00f3 en el Concejo un proyecto para declarar la emergencia productiva y laboral en la ciudad a fin de evitar despidos<\/p>\n","protected":false},"author":2,"featured_media":61251,"comment_status":"closed","ping_status":"closed","sticky":false,"template":"","format":"standard","meta":{"footnotes":""},"categories":[2],"tags":[10],"class_list":["post-61250","post","type-post","status-publish","format-standard","has-post-thumbnail","hentry","category-informe-municipal","tag-santa-fe"],"_links":{"self":[{"href":"http:\/\/argentinamunicipal.com.ar\/argentina\/wp-json\/wp\/v2\/posts\/61250","targetHints":{"allow":["GET"]}}],"collection":[{"href":"http:\/\/argentinamunicipal.com.ar\/argentina\/wp-json\/wp\/v2\/posts"}],"about":[{"href":"http:\/\/argentinamunicipal.com.ar\/argentina\/wp-json\/wp\/v2\/types\/post"}],"author":[{"embeddable":true,"href":"http:\/\/argentinamunicipal.com.ar\/argentina\/wp-json\/wp\/v2\/users\/2"}],"replies":[{"embeddable":true,"href":"http:\/\/argentinamunicipal.com.ar\/argentina\/wp-json\/wp\/v2\/comments?post=61250"}],"version-history":[{"count":0,"href":"http:\/\/argentinamunicipal.com.ar\/argentina\/wp-json\/wp\/v2\/posts\/61250\/revisions"}],"wp:featuredmedia":[{"embeddable":true,"href":"http:\/\/argentinamunicipal.com.ar\/argentina\/wp-json\/wp\/v2\/media\/61251"}],"wp:attachment":[{"href":"http:\/\/argentinamunicipal.com.ar\/argentina\/wp-json\/wp\/v2\/media?parent=61250"}],"wp:term":[{"taxonomy":"category","embeddable":true,"href":"http:\/\/argentinamunicipal.com.ar\/argentina\/wp-json\/wp\/v2\/categories?post=61250"},{"taxonomy":"post_tag","embeddable":true,"href":"http:\/\/argentinamunicipal.com.ar\/argentina\/wp-json\/wp\/v2\/tags?post=61250"}],"curies":[{"name":"wp","href":"https:\/\/api.w.org\/{rel}","templated":true}]}}