{"id":61256,"date":"2017-04-03T08:13:58","date_gmt":"2017-04-03T11:13:58","guid":{"rendered":"http:\/\/argentinamunicipal.com.ar\/argentina\/?p=61256"},"modified":"2017-04-03T08:13:58","modified_gmt":"2017-04-03T11:13:58","slug":"la-reeleccion-redisena-mapa-politico-divide-paraguay","status":"publish","type":"post","link":"http:\/\/argentinamunicipal.com.ar\/argentina\/la-reeleccion-redisena-mapa-politico-divide-paraguay\/","title":{"rendered":"La reelecci\u00f3n redise\u00f1a el mapa pol\u00edtico y divide a Paraguay"},"content":{"rendered":"<p>La media sanci\u00f3n de senadores a un proyecto que busca extender el mandato del presidente Horacio Cartes dej\u00f3 un muerto y 211 detenidos.<\/p>\n<p>El debate sobre si permitir la reelecci\u00f3n presidencial en Paraguay est\u00e1 redise\u00f1ando el mapa pol\u00edtico del pa\u00eds, forjando alianzas insospechadas y dividiendo a su poblaci\u00f3n. Un proyecto de enmienda constitucional al respecto desemboc\u00f3 en el viernes en violentos disturbios que dejaron un muerto, decenas de heridos y 211 detenidos tras el asalto al Congreso. La iniciativa, que forz\u00f3 la salida del ministro de Interior Tadeo Rojas, busca habilitar la reelecci\u00f3n presidencial, prohibida por la Carta Magna de 1992, lo que supone un obst\u00e1culo para las aspiraciones de varios dirigentes, entre ellos el actual mandatario, Horacio Cartes (en el poder desde 2013), y su antecesor Fernando Lugo.<\/p>\n<p>El mapa de esta crisis muestra al conglomerado de partidarios de la enmienda, integrado por una mayor\u00eda del conservador Partido Colorado, en el gobierno, en una sorpresiva alianza con el progresista Frente Guas\u00fa (FG), de Lugo, y disidentes del opositor Partido Liberal Radical Aut\u00e9ntico (PLRA), de tendencia liberal. En la vereda de enfrente, opuestos a la enmienda, se encuentran disidentes \u00abcolorados\u00bb, una mayor\u00eda del PLRA y algunos sectores progresistas y de izquierda, distanciados del Frente Guas\u00fa. La crisis se profundiz\u00f3 en los primeros meses de 2016 por iniciativa de dirigentes oficialistas que estimaron necesaria la continuidad de Cartes. Despu\u00e9s se sum\u00f3 el Frente Guas\u00fa, que pretende habilitar a Lugo, el ex obispo cat\u00f3lico que fue presidente entre 2008 y 2012 y destituido en un juicio pol\u00edtico promovido en el Congreso por \u00abcolorados\u00bb y liberales,a poco m\u00e1s de un a\u00f1o de completar su mandato. Esa destituci\u00f3n dej\u00f3 a Lugo en una situaci\u00f3n confusa que se pretende superar con la enmienda, aunque de aprobarse, el ex presidente y actual senador competir\u00eda por la presidencia en las elecciones de abril de 2018 con Cartes, su actual aliado coyuntural. La enmienda constitucional fue el camino elegido por sus promotores, luego de explorar la posibilidad de una reforma constitucional, contemplada en la Carta Magna paraguaya, que no tuvo el consenso mayoritario ni los votos necesarios en el Congreso.<\/p>\n<p>En agosto de 2016, los opositores presentaron un proyecto de enmienda y en la misma sesi\u00f3n lo rechazaron, para evitar que el tema volviera a ser tratado antes de un a\u00f1o, como establecen las normas. Los oficialistas criticaron esa operaci\u00f3n pol\u00edtica e insistieron con el tema. Estuvieron todo este tiempo amenazando con presentar un nuevo documento, algo que hicieron a comienzos de esta semana, en una sesi\u00f3n inusual, fuera del habitual recinto de sesiones y sin la presencia de la oposici\u00f3n. Esa reuni\u00f3n, denunciada por opositores como un golpe de Estado parlamentario y la creaci\u00f3n de un Senado paralelo, desat\u00f3 los hechos que derivaron el viernes en la violencia y el vandalismo descontrolado, y hasta el incendio parcial de la sede del Congreso.<\/p>\n<p>Cartes acus\u00f3 a los sectores de oposici\u00f3n y medios de comunicaci\u00f3n por la situaci\u00f3n creada, mientras los opositores reclaman al gobierno que retire el proyecto para evitar que se profundice la crisis. No est\u00e1 claro qu\u00e9 pasar\u00e1 de aqu\u00ed en adelante. El clima es de crispaci\u00f3n y las partes no parecen dispuestas a ceder en sus posiciones. La C\u00e1mara de Diputados, donde el gobierno tiene mayor\u00eda, debe aprobar tambi\u00e9n la reforma. El siguiente paso es un llamado a refer\u00e9ndum.<\/p>\n<h6>Fuente: La Capital Rosario<\/h6>\n","protected":false},"excerpt":{"rendered":"<p>La media sanci\u00f3n de senadores a un proyecto que busca extender el mandato del presidente Horacio Cartes dej\u00f3 un muerto y 211 detenidos.<\/p>\n","protected":false},"author":2,"featured_media":61257,"comment_status":"closed","ping_status":"closed","sticky":false,"template":"","format":"standard","meta":{"footnotes":""},"categories":[22],"tags":[57],"class_list":["post-61256","post","type-post","status-publish","format-standard","has-post-thumbnail","hentry","category-el-mundo","tag-el-mundo"],"_links":{"self":[{"href":"http:\/\/argentinamunicipal.com.ar\/argentina\/wp-json\/wp\/v2\/posts\/61256","targetHints":{"allow":["GET"]}}],"collection":[{"href":"http:\/\/argentinamunicipal.com.ar\/argentina\/wp-json\/wp\/v2\/posts"}],"about":[{"href":"http:\/\/argentinamunicipal.com.ar\/argentina\/wp-json\/wp\/v2\/types\/post"}],"author":[{"embeddable":true,"href":"http:\/\/argentinamunicipal.com.ar\/argentina\/wp-json\/wp\/v2\/users\/2"}],"replies":[{"embeddable":true,"href":"http:\/\/argentinamunicipal.com.ar\/argentina\/wp-json\/wp\/v2\/comments?post=61256"}],"version-history":[{"count":0,"href":"http:\/\/argentinamunicipal.com.ar\/argentina\/wp-json\/wp\/v2\/posts\/61256\/revisions"}],"wp:featuredmedia":[{"embeddable":true,"href":"http:\/\/argentinamunicipal.com.ar\/argentina\/wp-json\/wp\/v2\/media\/61257"}],"wp:attachment":[{"href":"http:\/\/argentinamunicipal.com.ar\/argentina\/wp-json\/wp\/v2\/media?parent=61256"}],"wp:term":[{"taxonomy":"category","embeddable":true,"href":"http:\/\/argentinamunicipal.com.ar\/argentina\/wp-json\/wp\/v2\/categories?post=61256"},{"taxonomy":"post_tag","embeddable":true,"href":"http:\/\/argentinamunicipal.com.ar\/argentina\/wp-json\/wp\/v2\/tags?post=61256"}],"curies":[{"name":"wp","href":"https:\/\/api.w.org\/{rel}","templated":true}]}}