{"id":61265,"date":"2017-04-03T08:28:53","date_gmt":"2017-04-03T11:28:53","guid":{"rendered":"http:\/\/argentinamunicipal.com.ar\/argentina\/?p=61265"},"modified":"2017-04-03T08:28:53","modified_gmt":"2017-04-03T11:28:53","slug":"vez-unir-los-argentinos-macri-celebro-no-hubo-micros-choripan-1a","status":"publish","type":"post","link":"http:\/\/argentinamunicipal.com.ar\/argentina\/vez-unir-los-argentinos-macri-celebro-no-hubo-micros-choripan-1a\/","title":{"rendered":"En vez de unir a los argentinos, Macri celebr\u00f3 que no hubo \u00abmicros ni chorip\u00e1n\u00bb en el 1A"},"content":{"rendered":"<p>La controvertida frase surgi\u00f3 de un video que grab\u00f3 el propio presidente para difundir en las redes sociales. Despu\u00e9s de los dichos de Gonz\u00e1lez Fraga, Macri se sum\u00f3 a la pol\u00e9mica.<\/p>\n<p>En una lamentable frase, el Presidente de la naci\u00f3n, Mauricio Macri, se refiri\u00f3 a la marcha oficialista de ayer, que reuni\u00f3 a cientos de personas en distintos puntos del pa\u00eds.<\/p>\n<p>La convocatoria se realiz\u00f3 en apoyo al gobierno nacional, frente a un contexto que calificaron de \u201cdesestabilizaci\u00f3n\u201d, debido a las numerosas marchas y protestas que el ejecutivo tuvo que sufrir en marzo.<\/p>\n<p>\u201cAlgo emocionante acaba de pasar en todo el pa\u00eds. Qu\u00e9 lindo. Que tantos creamos que tenemos un futuro por construir\u201d, comenz\u00f3 el mandatario en un video enviado por twitter.<\/p>\n<p>\u201cQue lo pensamos desde el coraz\u00f3n, espont\u00e1neamente, sin que haya habido colectivos ni chorip\u00e1n\u201d, dijo con voz calma Macri.<\/p>\n<p>A pesar de la repetida consigna de \u201cunir a los argentinos\u201d o de achicar la grieta, el Presidente se permiti\u00f3 una frase que sin dudas despertar\u00e1 una nueva pol\u00e9mica.<\/p>\n<p>Despu\u00e9s de los dichos del Presidente del Banco Naci\u00f3n, Javier Gonz\u00e1lez Fraga, donde afirmaba que la mayor\u00eda de los que hab\u00edan ido a la marcha del 24 de marzo lo hac\u00edan \u201cpor 500 pesos y choripanes\u201d, ahora se le suma la declaraci\u00f3n de Mauricio Macri.<\/p>\n<p>\u201cSolamente decir s\u00ed se puede, y juntos. Felicitaciones\u201d, cerr\u00f3 el primer mandatario.<\/p>\n<p>Todav\u00eda no hay datos certeros sobre el n\u00famero de manifestantes que participaron de la marcha del 1 de Abril, pero a pesar de las dudas sobre su origen, varias personas se reunieron en distintas plazas del pa\u00eds para apoyar a Cambiemos.<\/p>\n<h6>Fuente: InfoCielo<\/h6>\n","protected":false},"excerpt":{"rendered":"<p>La controvertida frase surgi\u00f3 de un video que grab\u00f3 el propio presidente para difundir en las redes sociales. Despu\u00e9s de los dichos de Gonz\u00e1lez Fraga, Macri se sum\u00f3 a la pol\u00e9mica.<\/p>\n","protected":false},"author":2,"featured_media":61266,"comment_status":"closed","ping_status":"closed","sticky":false,"template":"","format":"standard","meta":{"footnotes":""},"categories":[8],"tags":[21],"class_list":["post-61265","post","type-post","status-publish","format-standard","has-post-thumbnail","hentry","category-informe-nacional","tag-argentina"],"_links":{"self":[{"href":"http:\/\/argentinamunicipal.com.ar\/argentina\/wp-json\/wp\/v2\/posts\/61265","targetHints":{"allow":["GET"]}}],"collection":[{"href":"http:\/\/argentinamunicipal.com.ar\/argentina\/wp-json\/wp\/v2\/posts"}],"about":[{"href":"http:\/\/argentinamunicipal.com.ar\/argentina\/wp-json\/wp\/v2\/types\/post"}],"author":[{"embeddable":true,"href":"http:\/\/argentinamunicipal.com.ar\/argentina\/wp-json\/wp\/v2\/users\/2"}],"replies":[{"embeddable":true,"href":"http:\/\/argentinamunicipal.com.ar\/argentina\/wp-json\/wp\/v2\/comments?post=61265"}],"version-history":[{"count":0,"href":"http:\/\/argentinamunicipal.com.ar\/argentina\/wp-json\/wp\/v2\/posts\/61265\/revisions"}],"wp:featuredmedia":[{"embeddable":true,"href":"http:\/\/argentinamunicipal.com.ar\/argentina\/wp-json\/wp\/v2\/media\/61266"}],"wp:attachment":[{"href":"http:\/\/argentinamunicipal.com.ar\/argentina\/wp-json\/wp\/v2\/media?parent=61265"}],"wp:term":[{"taxonomy":"category","embeddable":true,"href":"http:\/\/argentinamunicipal.com.ar\/argentina\/wp-json\/wp\/v2\/categories?post=61265"},{"taxonomy":"post_tag","embeddable":true,"href":"http:\/\/argentinamunicipal.com.ar\/argentina\/wp-json\/wp\/v2\/tags?post=61265"}],"curies":[{"name":"wp","href":"https:\/\/api.w.org\/{rel}","templated":true}]}}