{"id":61268,"date":"2017-04-04T06:44:17","date_gmt":"2017-04-04T09:44:17","guid":{"rendered":"http:\/\/argentinamunicipal.com.ar\/argentina\/?p=61268"},"modified":"2017-04-04T06:44:17","modified_gmt":"2017-04-04T09:44:17","slug":"tres-movilizaciones-repudio-la-represion-comedor-lanus-hacen-tambalear-grindetti","status":"publish","type":"post","link":"http:\/\/argentinamunicipal.com.ar\/argentina\/tres-movilizaciones-repudio-la-represion-comedor-lanus-hacen-tambalear-grindetti\/","title":{"rendered":"Tres movilizaciones en repudio a la represi\u00f3n en el comedor de Lan\u00fas hacen tambalear a Grindetti"},"content":{"rendered":"<p>Distintas organizaciones sociales, sumadas a integrantes de comedores populares, se movilizar\u00e1n hoy, ma\u00f1ana y el mi\u00e9rcoles para escrachar al intendente de Lan\u00fas, N\u00e9stor Grindetti, y su secretario de Seguridad, Diego Kravetz, luego de la represi\u00f3n a ni\u00f1os y j\u00f3venes.<\/p>\n<p>\u201cBajen las armas, ac\u00e1 s\u00f3lo hay pibes comiendo\u201d es la consigna de las tres movilizaciones que integrantes de comedores populares de Lan\u00fas y dirigentes del Movimiento de Trabajadores Excluidos (MTE) convocaron en las \u00faltimas horas para repudiar la represi\u00f3n de la semana pasada.<\/p>\n<p>Es que en un confuso episodio, efectivos de la Polic\u00eda Local de Lan\u00fas ingresaron al comedor popular \u201cCartoneritos\u201d y reprimieron a ni\u00f1os, j\u00f3venes y adultos con balas de goma y se llevaron detenidos a algunos de ellos sin haber informado el lugar al que hab\u00edan sido trasladados por varias horas.<\/p>\n<p>La dram\u00e1tica situaci\u00f3n tom\u00f3 notoriedad nacional y el repudio de distintas organizaciones por los derechos humanos y de los ni\u00f1os no se hizo esperar. Incluso mientras senadores del Frente para la Victoria pidieron explicaciones a Kravetz, desde la Defensor\u00eda del Pueblo bonaerense iniciaron una investigaci\u00f3n para intentar determinar responsabilidades.<\/p>\n<p>Tambi\u00e9n, el bloque kirchnerista en el Legislativo local present\u00f3 un proyecto para obligar a Kravetz a dar explicaciones sobre lo sucedido. \u201cEstamos preocupados por lo que est\u00e1 sucediendo. No podemos permitir que la Polic\u00eda se maneje sin control pol\u00edtico\u201d, dijeron.<\/p>\n<p>La primera de las movilizaciones convocada por integrantes de comedores est\u00e1 prevista para este mediod\u00eda a instancias de la apertura de sesiones ordinarias que encabezar\u00e1 Grindetti en el Concejo Deliberante. La segunda de ellas, de la que tambi\u00e9n participar\u00e1n entidades pol\u00edticas, se iniciar\u00e1 ma\u00f1ana cerca de las 13 en el comedor y terminar\u00e1 una hora m\u00e1s tarde en la entrada del Palacio Municipal. Una tercera marcha se prev\u00e9 para el mi\u00e9rcoles con similares caracter\u00edsticas.<\/p>\n<p>Seg\u00fan explicaron a INFOCIELO, todas las iniciativas tienen por objetivo \u201cexigir justicia por los chicos y chicas reprimidos\u201d en Villa Caraza y pedir la renuncia del secretario de Seguridad local, Diego Kravetz. \u201cNo es la primera vez que sucede esto, hay un acoso constante a los j\u00f3venes por parte de la Polic\u00eda\u201d, lanz\u00f3 uno de los trabajadores del comedor.<\/p>\n<p>\u201cLa versi\u00f3n oficial dice que entraron al comedor a los balazos porque estaban persiguiendo a alguien \u00a1Eso es mentira! Una de las compa\u00f1eras se acerc\u00f3 a los polic\u00edas para pedirles si pod\u00edan alejar un operativo de la puerta de la guarder\u00eda y despu\u00e9s pas\u00f3 esto\u201d, comentaron desde MTE luego de la represi\u00f3n.<\/p>\n<h6>Fuente: InfoCielo<\/h6>\n","protected":false},"excerpt":{"rendered":"<p>Distintas organizaciones sociales, sumadas a integrantes de comedores populares, se movilizar\u00e1n hoy, ma\u00f1ana y el mi\u00e9rcoles para escrachar al intendente de Lan\u00fas, N\u00e9stor Grindetti, y su secretario de Seguridad, Diego Kravetz<\/p>\n","protected":false},"author":2,"featured_media":61269,"comment_status":"closed","ping_status":"closed","sticky":false,"template":"","format":"standard","meta":{"footnotes":""},"categories":[4],"tags":[12],"class_list":["post-61268","post","type-post","status-publish","format-standard","has-post-thumbnail","hentry","category-informe-politico","tag-buenos-aires"],"_links":{"self":[{"href":"http:\/\/argentinamunicipal.com.ar\/argentina\/wp-json\/wp\/v2\/posts\/61268","targetHints":{"allow":["GET"]}}],"collection":[{"href":"http:\/\/argentinamunicipal.com.ar\/argentina\/wp-json\/wp\/v2\/posts"}],"about":[{"href":"http:\/\/argentinamunicipal.com.ar\/argentina\/wp-json\/wp\/v2\/types\/post"}],"author":[{"embeddable":true,"href":"http:\/\/argentinamunicipal.com.ar\/argentina\/wp-json\/wp\/v2\/users\/2"}],"replies":[{"embeddable":true,"href":"http:\/\/argentinamunicipal.com.ar\/argentina\/wp-json\/wp\/v2\/comments?post=61268"}],"version-history":[{"count":0,"href":"http:\/\/argentinamunicipal.com.ar\/argentina\/wp-json\/wp\/v2\/posts\/61268\/revisions"}],"wp:featuredmedia":[{"embeddable":true,"href":"http:\/\/argentinamunicipal.com.ar\/argentina\/wp-json\/wp\/v2\/media\/61269"}],"wp:attachment":[{"href":"http:\/\/argentinamunicipal.com.ar\/argentina\/wp-json\/wp\/v2\/media?parent=61268"}],"wp:term":[{"taxonomy":"category","embeddable":true,"href":"http:\/\/argentinamunicipal.com.ar\/argentina\/wp-json\/wp\/v2\/categories?post=61268"},{"taxonomy":"post_tag","embeddable":true,"href":"http:\/\/argentinamunicipal.com.ar\/argentina\/wp-json\/wp\/v2\/tags?post=61268"}],"curies":[{"name":"wp","href":"https:\/\/api.w.org\/{rel}","templated":true}]}}