{"id":61274,"date":"2017-04-04T06:53:48","date_gmt":"2017-04-04T09:53:48","guid":{"rendered":"http:\/\/argentinamunicipal.com.ar\/argentina\/?p=61274"},"modified":"2017-04-04T06:53:48","modified_gmt":"2017-04-04T09:53:48","slug":"medio-clima-fuerte-tension-indec-despidio-80-trabajadores","status":"publish","type":"post","link":"http:\/\/argentinamunicipal.com.ar\/argentina\/medio-clima-fuerte-tension-indec-despidio-80-trabajadores\/","title":{"rendered":"En medio de un clima de fuerte tensi\u00f3n, el Indec despidi\u00f3 a 80 trabajadores"},"content":{"rendered":"<p>Esta ma\u00f1ana el organismo amaneci\u00f3 \u00abmilitarizado\u00bb, seg\u00fan cuentan los trabajadores, que debieron formar fila afuera del Instituto hasta que les informaran si estaban o no en la lista de cesanteados.<\/p>\n<p>Luego de una serie de protestas que se vienen llevando a cabo en las \u00faltimas semanas en el INDEC por el raclamo de las \u00abhoras censales\u00bb, hoy el organismo que dirige Jorge Todesca amaneci\u00f3 \u00abmilitarizado\u00bb con fuerte presencia policial y con una lista de 80 despedidos.<\/p>\n<p>Los trabajadores que fueron llegando al organismo debieron esperar afuera a que uno a uno les fueran anunciando si estaban o no en el listado. Seg\u00fan la versi\u00f3n oficial, se trata de contratados a los que no les renuevan el contrato por \u00abreiteradas inasistencias\u00bb.<\/p>\n<p>\u00abEs la primera vez en 26 a\u00f1os de trabajo que tenemos que hacer cola para ingresar. Rechazamos estos despidos, que en contra de las versiones que est\u00e1n circulando, se trata de compa\u00f1eros que nos consta que son trabajadores y algunos con m\u00e1s de 20 a\u00f1os de antig\u00fcedad. No puede ser que en la puerta tengamos que enterarnos que hay despidos, que algunos compa\u00f1eros hayan tenido que recibir ayer domingo el telegrama de despido. Todo es muy perverso, es una situaci\u00f3n horrible\u00bb, expres\u00f3 a la Izquierda Diario Mariana Elorga, delegada de la Junta Interna de ATE.<\/p>\n<p>\u00abEstoy en el hall central de Julio A. Roca 609. La puerta del Indec est\u00e1 militarizada. Es una verg\u00fcenza. No dejan entrar a la gente, entran de a uno. Es una situaci\u00f3n muy traum\u00e1tica para much\u00edsimos compa\u00f1eros de muchos a\u00f1os\u00bb, inform\u00f3 Ra\u00fal Llaneza, delegado general de ATE-Indec, a TN.<\/p>\n<p>El conflicto por las \u00abhoras censales\u00bb comenz\u00f3 hace un par de semanas y enfrent\u00f3 a la conducci\u00f3n del organismo con los gremios ATE y UPCN. Se trata de un plus salarial que recib\u00edan los empleados como parte de sus ingresos y que fue dscontinuado por Todesca.<\/p>\n<h6>Fuetne: InfoNews<\/h6>\n","protected":false},"excerpt":{"rendered":"<p>Esta ma\u00f1ana el organismo amaneci\u00f3 \u00abmilitarizado\u00bb, seg\u00fan cuentan los trabajadores, que debieron formar fila afuera del Instituto hasta que les informaran si estaban o no en la lista de cesanteados. <\/p>\n","protected":false},"author":2,"featured_media":61275,"comment_status":"closed","ping_status":"closed","sticky":false,"template":"","format":"standard","meta":{"footnotes":""},"categories":[8],"tags":[21],"class_list":["post-61274","post","type-post","status-publish","format-standard","has-post-thumbnail","hentry","category-informe-nacional","tag-argentina"],"_links":{"self":[{"href":"http:\/\/argentinamunicipal.com.ar\/argentina\/wp-json\/wp\/v2\/posts\/61274","targetHints":{"allow":["GET"]}}],"collection":[{"href":"http:\/\/argentinamunicipal.com.ar\/argentina\/wp-json\/wp\/v2\/posts"}],"about":[{"href":"http:\/\/argentinamunicipal.com.ar\/argentina\/wp-json\/wp\/v2\/types\/post"}],"author":[{"embeddable":true,"href":"http:\/\/argentinamunicipal.com.ar\/argentina\/wp-json\/wp\/v2\/users\/2"}],"replies":[{"embeddable":true,"href":"http:\/\/argentinamunicipal.com.ar\/argentina\/wp-json\/wp\/v2\/comments?post=61274"}],"version-history":[{"count":0,"href":"http:\/\/argentinamunicipal.com.ar\/argentina\/wp-json\/wp\/v2\/posts\/61274\/revisions"}],"wp:featuredmedia":[{"embeddable":true,"href":"http:\/\/argentinamunicipal.com.ar\/argentina\/wp-json\/wp\/v2\/media\/61275"}],"wp:attachment":[{"href":"http:\/\/argentinamunicipal.com.ar\/argentina\/wp-json\/wp\/v2\/media?parent=61274"}],"wp:term":[{"taxonomy":"category","embeddable":true,"href":"http:\/\/argentinamunicipal.com.ar\/argentina\/wp-json\/wp\/v2\/categories?post=61274"},{"taxonomy":"post_tag","embeddable":true,"href":"http:\/\/argentinamunicipal.com.ar\/argentina\/wp-json\/wp\/v2\/tags?post=61274"}],"curies":[{"name":"wp","href":"https:\/\/api.w.org\/{rel}","templated":true}]}}