{"id":61281,"date":"2017-04-04T07:04:56","date_gmt":"2017-04-04T10:04:56","guid":{"rendered":"http:\/\/argentinamunicipal.com.ar\/argentina\/?p=61281"},"modified":"2017-04-04T07:04:56","modified_gmt":"2017-04-04T10:04:56","slug":"huidobro-aumento-del-33-los-municipales","status":"publish","type":"post","link":"http:\/\/argentinamunicipal.com.ar\/argentina\/huidobro-aumento-del-33-los-municipales\/","title":{"rendered":"Huidobro: aumento del 33% para los municipales"},"content":{"rendered":"<p>Con un 33,10% de incremento salarial, escalonado y acumulativo en el salario b\u00e1sico del trabajador municipal, el Ejecutivo de esta localidad cerr\u00f3 uno de los porcentajes m\u00e1s altos en C\u00f3rdoba.<\/p>\n<p>Silvio Quiroga, intendente de Villa Huidobro, destac\u00f3 el acuerdo alcanzado al tiempo que fustig\u00f3 a la oposici\u00f3n por oponerse a la ordenanza que, finalmente, sali\u00f3 por mayor\u00eda en el Concejo Deliberante.<\/p>\n<p>A fines de la semana anterior se defini\u00f3 el aumento salarial, que entr\u00f3 en vigencia el primer 10%. En tanto, en junio, los trabajadores cobrar\u00e1n otro 10% y el resto en diciembre. Quiroga se\u00f1al\u00f3 que la medida fue consensuada con su gabinete a fin de recomponer los salarios en un contexto complicado.<\/p>\n<p>\u00abEs importante porque en el sur de C\u00f3rdoba y de los 427 municipios y comunas, este incremento es uno de los m\u00e1s significativos\u00bb, indic\u00f3 el mandatario. Y agreg\u00f3: \u00abNosotros entendemos que esto no es para despilfarrar los recursos municipales, sino poner atenci\u00f3n en la situaci\u00f3n econ\u00f3mica y social que atraviesa el pa\u00eds con pol\u00edticas neoliberales que ponen en jaque a los m\u00e1s vulnerables. En este caso golpea de lleno a la clase trabajadora\u00bb, subray\u00f3.<\/p>\n<p>Este argumento estuvo presente en la ordenanza que se puso a disposici\u00f3n del Concejo Deliberante en la semana cuando la oposici\u00f3n vot\u00f3 en contra al hacer hincapi\u00e9 en que la ordenanza deb\u00eda ser puramente t\u00e9cnica y no de car\u00e1cter ideol\u00f3gica.<\/p>\n<p>Sobre esto Quiroga sostuvo: \u201cLos concejales del radicalismo est\u00e1n m\u00e1s preocupados por defender a Macri que por defender a los empleados municipales\u201d.<\/p>\n<p>La herencia<\/p>\n<p>En sus declaraciones, el intendente justicialista respondi\u00f3 a las cr\u00edticas de la oposici\u00f3n al recordar lo que dej\u00f3 la anterior gesti\u00f3n municipal, a cargo del radical Jorge Iriart.<\/p>\n<p>\u201cNosotros vemos que hay un atraso importante en el salario. Nos hicimos cargo del Municipio en 2011 y durante los cinco a\u00f1os anteriores no hubo aumentos al salario b\u00e1sico. La anterior gesti\u00f3n ten\u00eda como normal pagarles a sus adeptos con categor\u00edas, con esto se deterior\u00f3 el salario y la carrera administrativa del empleado\u00bb, indic\u00f3 el intendente.<\/p>\n<p>Anunci\u00f3, adem\u00e1s, el titular del Ejecutivo huidobrense que est\u00e1 evaluando una recategorizaci\u00f3n salarial.<\/p>\n<h6>Fuente: Puntal<\/h6>\n","protected":false},"excerpt":{"rendered":"<p>Con un 33,10% de incremento salarial, escalonado y acumulativo en el salario b\u00e1sico del trabajador municipal, el Ejecutivo de esta localidad cerr\u00f3 uno de los porcentajes m\u00e1s altos en C\u00f3rdoba.<\/p>\n","protected":false},"author":2,"featured_media":61282,"comment_status":"closed","ping_status":"closed","sticky":false,"template":"","format":"standard","meta":{"footnotes":""},"categories":[7],"tags":[3],"class_list":["post-61281","post","type-post","status-publish","format-standard","has-post-thumbnail","hentry","category-informe-sindical","tag-cordoba"],"_links":{"self":[{"href":"http:\/\/argentinamunicipal.com.ar\/argentina\/wp-json\/wp\/v2\/posts\/61281","targetHints":{"allow":["GET"]}}],"collection":[{"href":"http:\/\/argentinamunicipal.com.ar\/argentina\/wp-json\/wp\/v2\/posts"}],"about":[{"href":"http:\/\/argentinamunicipal.com.ar\/argentina\/wp-json\/wp\/v2\/types\/post"}],"author":[{"embeddable":true,"href":"http:\/\/argentinamunicipal.com.ar\/argentina\/wp-json\/wp\/v2\/users\/2"}],"replies":[{"embeddable":true,"href":"http:\/\/argentinamunicipal.com.ar\/argentina\/wp-json\/wp\/v2\/comments?post=61281"}],"version-history":[{"count":0,"href":"http:\/\/argentinamunicipal.com.ar\/argentina\/wp-json\/wp\/v2\/posts\/61281\/revisions"}],"wp:featuredmedia":[{"embeddable":true,"href":"http:\/\/argentinamunicipal.com.ar\/argentina\/wp-json\/wp\/v2\/media\/61282"}],"wp:attachment":[{"href":"http:\/\/argentinamunicipal.com.ar\/argentina\/wp-json\/wp\/v2\/media?parent=61281"}],"wp:term":[{"taxonomy":"category","embeddable":true,"href":"http:\/\/argentinamunicipal.com.ar\/argentina\/wp-json\/wp\/v2\/categories?post=61281"},{"taxonomy":"post_tag","embeddable":true,"href":"http:\/\/argentinamunicipal.com.ar\/argentina\/wp-json\/wp\/v2\/tags?post=61281"}],"curies":[{"name":"wp","href":"https:\/\/api.w.org\/{rel}","templated":true}]}}