{"id":61290,"date":"2017-04-04T07:26:09","date_gmt":"2017-04-04T10:26:09","guid":{"rendered":"http:\/\/argentinamunicipal.com.ar\/argentina\/?p=61290"},"modified":"2017-04-04T07:26:09","modified_gmt":"2017-04-04T10:26:09","slug":"los-primeros-croquis-plan-estrategico-la-rosario-del-2030","status":"publish","type":"post","link":"http:\/\/argentinamunicipal.com.ar\/argentina\/los-primeros-croquis-plan-estrategico-la-rosario-del-2030\/","title":{"rendered":"Los primeros croquis para el plan estrat\u00e9gico para la Rosario del 2030"},"content":{"rendered":"<p>El secretario de Gobierno, Gustavo Leone, destac\u00f3 el valor de una mirada integral y de inclusi\u00f3n social para llevar adelante las pol\u00edticas urbanas<\/p>\n<p>\u00abLa inclusi\u00f3n de los sectores m\u00e1s vulnerables es lo que garantizar\u00e1 la posibilidad de un desarrollo sostenible, que llegue a todos los rosarinos\u00bb. De esa manera, el secretario de Gobierno municipal, Gustavo Leone, destac\u00f3 los principales desaf\u00edos que debe enfrentar Rosario en materia de planificaci\u00f3n. As\u00ed lo expres\u00f3 en el encuentro entre miembros del Ejecutivo local y representantes de las instituciones que participan en el Consejo Econ\u00f3mico y Social, que analizaron y proyectaron el futuro de la ciudad hacia el a\u00f1o 2030.<\/p>\n<p>De la importante y numerosa reuni\u00f3n participaron autoridades pol\u00edticas, empresarios, religiosos, sindicalistas y representantes de organizaciones sociales, y se transform\u00f3 en un puntapi\u00e9 inicial de un proceso que aunar\u00e1 las voces de los distintos sectores de la ciudad para plasmarlas en un proyecto futuro.<\/p>\n<p>\u00abEstamos en un momento crucial. Lo que pensemos ahora configurar\u00e1 la Rosario de la pr\u00f3xima d\u00e9cada\u00bb, se encarg\u00f3 de resaltar Leone.<\/p>\n<p>Si bien Rosario siempre fue planificada por las autoridades, fue a fines de la d\u00e9cada del 90 que implement\u00f3 una visi\u00f3n estrat\u00e9gica, cuyo principal valor fue sumar la voz y voto de los vecinos, remarcaron desde la estructura oficialista.<\/p>\n<p>\u00abDar este debate entre los distintos actores que hacen el d\u00eda a d\u00eda de la ciudad, no es s\u00f3lo necesario si no que destaca la particularidad de la sociedad rosarina por sobre otras\u00bb, subray\u00f3 el funcionario, quien agreg\u00f3 que \u00abRosario habla de planes en un contexto en el que la planificaci\u00f3n y la previsi\u00f3n son conceptos que parecen haber pasado de moda, en un momento en el que se hace dif\u00edcil escuchar debates de ideas, y en el que la intervenci\u00f3n sobre la coyuntura manda\u00bb.<\/p>\n<p>Seg\u00fan Leone, la participaci\u00f3n ciudadana, cristalizada en iniciativas como el Presupuesto Participativo, las mesas barriales y otros mecanismos para canalizar la voz de los vecinos, fue uno de los ejes en torno a los cuales se desarrollaron las pol\u00edticas de las \u00faltimas gestiones. Entiende que los Planes Estrat\u00e9gico Rosario 1998 y el Plan Estrat\u00e9gico Metropolitano 2008 tambi\u00e9n han sido expresiones en ese sentido.<\/p>\n<p>\u00abEs necesario que discutamos juntos propuestas sobre los distintos ejes constitutivos de la vida cotidiana de los rosarinos, como son el empleo, el h\u00e1bitat, la educaci\u00f3n, y la convivencia, entre otros\u00bb, apunt\u00f3.<\/p>\n<p>Vale destacar que el Plan Estrat\u00e9gico Rosario 2030 ser\u00e1 el tercer dise\u00f1o de planificaci\u00f3n urbana, econ\u00f3mica y cultural de la ciudad teniendo como antecesoras las experiencias de 1998 y 2008. En ambos casos se necesit\u00f3 del aporte y discusi\u00f3n de cientos de instituciones, desde sindicatos, profesionales, empresas y hasta los ciudadanos de a pie en los barrios.<\/p>\n<p>\u00abEsta vez no ser\u00e1 la excepci\u00f3n y el trabajo acumulado, siempre coordinado por el gabinete municipal y los equipos t\u00e9cnicos, m\u00e1s las consultas peri\u00f3dicas a vecinos y vecinas, resultar\u00e1 en un documento que tendr\u00e1 la visi\u00f3n de Rosario 2030 y ser\u00e1 presentado en el a\u00f1o 2018. Al igual que los planes anteriores, tendr\u00e1 los temas y las cinco l\u00edneas estrat\u00e9gicas de trabajo que servir\u00e1n como un marco para desarrollar proyectos nuevos y modificar los que est\u00e1n en marcha\u00bb, sostuvo Leone.<\/p>\n<h6>Fuente: La capital Rosario<\/h6>\n","protected":false},"excerpt":{"rendered":"<p>El secretario de Gobierno, Gustavo Leone, destac\u00f3 el valor de una mirada integral y de inclusi\u00f3n social para llevar adelante las pol\u00edticas urbanas<\/p>\n","protected":false},"author":2,"featured_media":61291,"comment_status":"closed","ping_status":"closed","sticky":false,"template":"","format":"standard","meta":{"footnotes":""},"categories":[2],"tags":[10],"class_list":["post-61290","post","type-post","status-publish","format-standard","has-post-thumbnail","hentry","category-informe-municipal","tag-santa-fe"],"_links":{"self":[{"href":"http:\/\/argentinamunicipal.com.ar\/argentina\/wp-json\/wp\/v2\/posts\/61290","targetHints":{"allow":["GET"]}}],"collection":[{"href":"http:\/\/argentinamunicipal.com.ar\/argentina\/wp-json\/wp\/v2\/posts"}],"about":[{"href":"http:\/\/argentinamunicipal.com.ar\/argentina\/wp-json\/wp\/v2\/types\/post"}],"author":[{"embeddable":true,"href":"http:\/\/argentinamunicipal.com.ar\/argentina\/wp-json\/wp\/v2\/users\/2"}],"replies":[{"embeddable":true,"href":"http:\/\/argentinamunicipal.com.ar\/argentina\/wp-json\/wp\/v2\/comments?post=61290"}],"version-history":[{"count":0,"href":"http:\/\/argentinamunicipal.com.ar\/argentina\/wp-json\/wp\/v2\/posts\/61290\/revisions"}],"wp:featuredmedia":[{"embeddable":true,"href":"http:\/\/argentinamunicipal.com.ar\/argentina\/wp-json\/wp\/v2\/media\/61291"}],"wp:attachment":[{"href":"http:\/\/argentinamunicipal.com.ar\/argentina\/wp-json\/wp\/v2\/media?parent=61290"}],"wp:term":[{"taxonomy":"category","embeddable":true,"href":"http:\/\/argentinamunicipal.com.ar\/argentina\/wp-json\/wp\/v2\/categories?post=61290"},{"taxonomy":"post_tag","embeddable":true,"href":"http:\/\/argentinamunicipal.com.ar\/argentina\/wp-json\/wp\/v2\/tags?post=61290"}],"curies":[{"name":"wp","href":"https:\/\/api.w.org\/{rel}","templated":true}]}}