{"id":61293,"date":"2017-04-04T06:26:57","date_gmt":"2017-04-04T09:26:57","guid":{"rendered":"http:\/\/argentinamunicipal.com.ar\/argentina\/?p=61293"},"modified":"2017-04-04T07:29:59","modified_gmt":"2017-04-04T10:29:59","slug":"santa-fe-amsafe-denuncio-la-policia-fue-algunas-escuelas-pedir-datos-docentes-directivos","status":"publish","type":"post","link":"http:\/\/argentinamunicipal.com.ar\/argentina\/santa-fe-amsafe-denuncio-la-policia-fue-algunas-escuelas-pedir-datos-docentes-directivos\/","title":{"rendered":"Santa Fe: Amsaf\u00e9 denunci\u00f3 que la polic\u00eda fue a algunas escuelas a pedir datos de docentes y directivos"},"content":{"rendered":"<p>La secretaria general del gremio a nivel provincial, Sonia Alesso, dijo que se est\u00e1 preparando una presentaci\u00f3n judicial. \u00abEn las escuelas entran los miembros de la comunidad educativa, no la polic\u00eda\u00bb, dijo la gremialista.<\/p>\n<p>La secretaria general de Amsaf\u00e9 provincial, y a su vez titular de CTERA, Sonia Alesso, indic\u00f3 hoy que los abogados del gremio est\u00e1n trabajando en la presentaci\u00f3n de una denuncia porque \u00abla polic\u00eda estuvo en algunas escuelas de Rosario recabando datos sobre docentes y directivos\u00bb.<\/p>\n<p>En declaraciones a LT8 de Rosario, Alesso esta ma\u00f1ana dijo: \u00abVamos a hacer una denuncia porque la polic\u00eda estuvo recabando datos en las escuelas. Nuestros abogados est\u00e1n trabajando hoy y vamos a exigir que el Ministerio de Seguridad no env\u00ede al Comando Radioel\u00e9ctrico a las escuelas\u00bb.<\/p>\n<p>Consultada sobre cu\u00e1l ser\u00eda el motivo para esa determinaci\u00f3n, Alesso indic\u00f3: \u00abTe\u00f3ricamente para ver c\u00f3mo est\u00e1 la situaci\u00f3n en las escuelas. En las escuelas entran los miembros de la comunidad educativa, no la polic\u00eda. Estamos elaborando un informe para la denuncia y lo vamos a comunicar eventualmente cuando tengamos todos los datos concretos. En el \u00fanico lugar que tenemos denuncias hasta ahora es en Rosario, y esto fue la semana que pas\u00f3\u00bb.<\/p>\n<p>\u00abSupuestamente concurren para averiguar datos filiatorios en las escuelas, nombres, apellidos, situaci\u00f3n de docentes y directivos, no de alumnos. Y eso no es legal. La polic\u00eda podr\u00eda intervenir si es por alg\u00fan delito, no para pedir datos\u00bb, cuestion\u00f3 la titular de Amsaf\u00e9 provincial.<\/p>\n<h6>Fuente: Uno Santa Fe<\/h6>\n","protected":false},"excerpt":{"rendered":"<p>La secretaria general del gremio a nivel provincial, Sonia Alesso, dijo que se est\u00e1 preparando una presentaci\u00f3n judicial. \u00abEn las escuelas entran los miembros de la comunidad educativa, no la polic\u00eda\u00bb, dijo la gremialista.<\/p>\n","protected":false},"author":2,"featured_media":61294,"comment_status":"closed","ping_status":"closed","sticky":false,"template":"","format":"standard","meta":{"footnotes":""},"categories":[65],"tags":[10],"class_list":["post-61293","post","type-post","status-publish","format-standard","has-post-thumbnail","hentry","category-provincias","tag-santa-fe"],"_links":{"self":[{"href":"http:\/\/argentinamunicipal.com.ar\/argentina\/wp-json\/wp\/v2\/posts\/61293","targetHints":{"allow":["GET"]}}],"collection":[{"href":"http:\/\/argentinamunicipal.com.ar\/argentina\/wp-json\/wp\/v2\/posts"}],"about":[{"href":"http:\/\/argentinamunicipal.com.ar\/argentina\/wp-json\/wp\/v2\/types\/post"}],"author":[{"embeddable":true,"href":"http:\/\/argentinamunicipal.com.ar\/argentina\/wp-json\/wp\/v2\/users\/2"}],"replies":[{"embeddable":true,"href":"http:\/\/argentinamunicipal.com.ar\/argentina\/wp-json\/wp\/v2\/comments?post=61293"}],"version-history":[{"count":0,"href":"http:\/\/argentinamunicipal.com.ar\/argentina\/wp-json\/wp\/v2\/posts\/61293\/revisions"}],"wp:featuredmedia":[{"embeddable":true,"href":"http:\/\/argentinamunicipal.com.ar\/argentina\/wp-json\/wp\/v2\/media\/61294"}],"wp:attachment":[{"href":"http:\/\/argentinamunicipal.com.ar\/argentina\/wp-json\/wp\/v2\/media?parent=61293"}],"wp:term":[{"taxonomy":"category","embeddable":true,"href":"http:\/\/argentinamunicipal.com.ar\/argentina\/wp-json\/wp\/v2\/categories?post=61293"},{"taxonomy":"post_tag","embeddable":true,"href":"http:\/\/argentinamunicipal.com.ar\/argentina\/wp-json\/wp\/v2\/tags?post=61293"}],"curies":[{"name":"wp","href":"https:\/\/api.w.org\/{rel}","templated":true}]}}