{"id":61296,"date":"2017-04-04T07:34:14","date_gmt":"2017-04-04T10:34:14","guid":{"rendered":"http:\/\/argentinamunicipal.com.ar\/argentina\/?p=61296"},"modified":"2017-04-04T08:38:55","modified_gmt":"2017-04-04T11:38:55","slug":"lomas-zamora-insaurralde-insistio-traspaso-la-policia-local-los-municipios","status":"publish","type":"post","link":"http:\/\/argentinamunicipal.com.ar\/argentina\/lomas-zamora-insaurralde-insistio-traspaso-la-policia-local-los-municipios\/","title":{"rendered":"Lomas de Zamora: Insaurralde insisti\u00f3 en el traspaso de la Polic\u00eda local a los municipios"},"content":{"rendered":"<p>En su discurso frente al Concejo, resalt\u00f3 la necesidad de que exista en el distrito \u201cuna polic\u00eda de proximidad que cuide a sus propios vecinos\u201d. \u201cEso hoy no lo tenemos\u201d, indic\u00f3, en medio de la tensi\u00f3n con el Gobierno bonaerense por la suspensi\u00f3n de inscripciones a la Polic\u00eda local. En otro orden, adelant\u00f3 que en agosto abrir\u00e1 sus puertas el hospital Llavallol.<\/p>\n<p>El intendente de Lomas de Zamora, Martin Insaurralde, inaugur\u00f3 este lunes el per\u00edodo de sesiones ordinarias en el Concejo Deliberante local. En un discurso que rond\u00f3 los 30 minutos, abord\u00f3 diferentes t\u00f3picos pero hizo hincapi\u00e9 en la seguridad, al tiempo que convoc\u00f3 a todas las fuerzas pol\u00edticas \u201ca trabajar por un Lomas mejor\u201d.<\/p>\n<p>\u201cVengo a este Concejo Deliberante a rendir cuentas, pero principalmente a convocarlos para trabajar por un Lomas de Zamora m\u00e1s igualitario. Sabemos cu\u00e1l es el camino y sabemos tambi\u00e9n que la realidad pol\u00edtica, econ\u00f3mica y social de la Argentina es totalmente diferente a a\u00f1os anteriores y como vecinos lomenses debemos entenderla\u201d, sostuvo el Jefe comunal.<\/p>\n<p>Se\u00f1al\u00f3 que durante 2016 su gesti\u00f3n incorpor\u00f3 \u201cvalor agregado\u201d en materia de \u201cdescentralizaci\u00f3n administrativa, equipamiento y capacitaci\u00f3n de empleados\u201d. \u201cQuisimos acercar a los funcionarios y a los vecinos porque creemos que el Estado municipal debe descentralizarse, por eso construimos 20 delegaciones municipales\u201d, resalt\u00f3.<\/p>\n<p>Tambi\u00e9n destac\u00f3 las inversiones en obra p\u00fablica, particularmente en materia hidr\u00e1ulica, al reconocer que la problem\u00e1tica de la inundaci\u00f3n sigue vigente en algunas zonas del distrito. \u201cSe siguen sufriendo en algunos barrios, pero es de destacar que se est\u00e1 trabajando en las cinco cuencas que tiene el distrito\u201d, remarc\u00f3 y admiti\u00f3: \u201cSeguramente falta mucho, pero es un gran trabajo colectivo\u201d.<\/p>\n<p>Pol\u00edticas de Seguridad y Polic\u00eda Local. En otro tramo de su discurso, el jefe municipal hizo referencia a un tema que lo \u201cdesvela\u201d. \u201cUno de los temas que nos desvela, no s\u00f3lo a m\u00ed como intendente sino a los concejales y vecinos, es la inseguridad\u201d, remarc\u00f3 y advirti\u00f3 la necesidad de que se aborde la problem\u00e1tica \u201ccomo una pol\u00edtica de Estado\u201d.<\/p>\n<p>En ese sentido, reconoci\u00f3 que los esfuerzos en materia presupuestaria en el \u00e1rea de seguridad \u201cno alcanzan\u201d. \u201cSeguimos viviendo en una ciudad insegura y sabemos lo que le duele al Conurbano y la Provincia la inseguridad. Por eso les pido que trabajemos juntos, este es un tema para trabajar en pol\u00edticas de Estado. \u00bfSaben cu\u00e1l fue la decisi\u00f3n de este intendente cuando se construy\u00f3 la polic\u00eda local? Fue ponerme al frente desde el primer d\u00eda\u201d, remarc\u00f3.<\/p>\n<p>\u201cDicen por ah\u00ed que somos el municipio con mayor cantidad de polic\u00edas locales y es cierto. Estoy orgulloso de eso porque nos rompimos el alma para armar la primera escuela, pele\u00e1ndonos con la Provincia\u201d, resalt\u00f3 en medio de la pol\u00e9mica con el Gobierno bonaerense por la suspensi\u00f3n de inscripciones a la Polic\u00eda Local.<\/p>\n<p>En este sentido, inst\u00f3 a pensar \u201cqu\u00e9 Polic\u00eda queremos\u201d. \u201cEl presidente (Mauricio Macri) ha traspasado la polic\u00eda a la ciudad de Buenos Aires. No hay ciudad que crezca sin una polic\u00eda\u201d, sostuvo al remarcar la necesidad de \u201cuna polic\u00eda de proximidad que cuide a sus propios vecinos\u201d. \u201cEso hoy no lo tenemos\u201d.<\/p>\n<p>\u201cEsperamos el tratamiento de la Ley de traspaso. \u00bfQueremos tener una fuerza que la pueda coordinar la misma autonom\u00eda municipal o queremos que esos agentes sean parte de una fuerza de 90 mil hombres que no le pueden resolver los problemas a los vecinos?\u201d, dispar\u00f3<\/p>\n<p>Insaurralde insisti\u00f3 en que \u201cel esfuerzo del Municipio es enorme, en materia log\u00edstica, de equipamiento y de capacitaci\u00f3n\u201d. \u201cLo que tenemos que resolver es la autonom\u00eda municipal de las herramientas de los vecinos. Queremos hacernos cargo de cada uno de los problemas de nuestros vecinos\u201d, resalt\u00f3.<\/p>\n<p>Conflicto docente. En otro orden, aprovech\u00f3 para cargar contra el Ejecutivo provincial en el marco de la negociaci\u00f3n salarial con los gremios docentes. \u201cLa \u00fanica forma de que un pa\u00eds crezca es la educaci\u00f3n y un pueblo que no se educa no tiene futuro\u201d, se\u00f1al\u00f3.<\/p>\n<p>Para Insaurralde, \u201choy la Provincia est\u00e1 viviendo un momento muy dif\u00edcil en materia de educaci\u00f3n\u201d. \u201cNo quiero que se estigmatice a los docentes y por eso mi solidaridad con ellos. Hay que trabajar por una educaci\u00f3n p\u00fablica, gratuita y de calidad\u201d, complet\u00f3.<\/p>\n<p>Salud. En otro t\u00f3pico de su discurso, el Jefe comunal breg\u00f3 por \u201cun \u00fanico sistema de salud\u201d. \u201cFue el gran desaf\u00edo y desarrollo que comenzamos el a\u00f1o pasado. Por eso, adem\u00e1s de tener a nuestro hospital materno infantil Oscar Allende, el UPA de Fiorito, nuestras unidades sanitarias y nuestro Hospital Gandulfo, quiero hacer una menci\u00f3n al centro que se incorpora este a\u00f1o al sistema de salud, del que ustedes fueron parte y protagonistas\u201d, sostuvo al destacar el hospital de Llavallol que, seg\u00fan anunci\u00f3, \u201cse inaugurar\u00e1 en agosto\u201d.<\/p>\n<p>Cultura y deportes. Tambi\u00e9n remarc\u00f3 la inversi\u00f3n en materia cultural. \u201cHemos construido una relaci\u00f3n revolucionaria en cada uno de nuestros barrios y comenzamos a transitar nuestros espacios p\u00fablicos con muchos artistas populares. Pudimos construir nuestro teatro y centros culturales\u201d, resalt\u00f3.<\/p>\n<p>Asimismo, resalt\u00f3 los trabajos en el \u201cparque de Llavallol\u201d y la inclusi\u00f3n de dos nuevos parques: Fiorito y Santa Catalina. \u201cEn el parque Eva Per\u00f3n se va remodelar la pista atl\u00e9tica y se realizar\u00e1 la cancha sint\u00e9tica de hockey\u201d, enfatiz\u00f3<\/p>\n<p>Violencia de g\u00e9nero. En esta tem\u00e1tica sensible, Insaurralde se\u00f1al\u00f3: \u201cNos siguen doliendo cada una de las mujeres de Lomas de Zamora que sufren el abuso\u201d. Y pidi\u00f3 que \u201cel trabajo en esta problem\u00e1tica sea incansable\u201d.<\/p>\n<p>Econom\u00eda local. Por \u00faltimo, hizo hincapi\u00e9 en la promoci\u00f3n de la producci\u00f3n local. \u201cNo nos pone contentos ver a los vecinos que ven frustrados los sue\u00f1os porque no pueden vender. Quiero que sepan esos vecinos que los vamos a acompa\u00f1ar. Tenemos tasa de fomento y de emprendedores\u201d, asegur\u00f3.<\/p>\n<p>\u201cNos desvela tratar de generar trabajo y futuro a nuestros emprendedores. Por eso, cuenten con el Municipio de Lomas de Zamora. Estamos realizando nuevos programas para ayudarlos, para que sus sue\u00f1os familiares sean posibles\u201d, complet\u00f3.<\/p>\n<p>Respecto del equipo de gesti\u00f3n, hizo menci\u00f3n especial a los secretarios Armando Mogliani (Instituto Municipal de Discapacitados y Adultos Mayores &#8211; INDIAM) y Diego V\u00e9lez (Desarrollo Social). Por \u00faltimo, agradeci\u00f3 a todos los presentes y convoc\u00f3 a todos \u201cm\u00e1s all\u00e1 de las diferencias, para que cada d\u00eda Lomas de Zamora este mejor\u201d. \u201cLos vecinos son nuestro com\u00fan denominador\u201d, concluy\u00f3.<\/p>\n<p>Previo a las palabras del Intendente, se ratificaron las presidencias de Santiago Carasatorre y Sergio Oyhambur\u00fa al frente del Concejo Deliberante y del bloque FpV; respectivamente. Las comisiones fueron establecidas sin ninguna modificaci\u00f3n respecto de 2016.<\/p>\n<h6>Fuente: InfoRegi\u00f3n<\/h6>\n","protected":false},"excerpt":{"rendered":"<p>En su discurso frente al Concejo, resalt\u00f3 la necesidad de que exista en el distrito \u201cuna polic\u00eda de proximidad que cuide a sus propios vecinos\u201d. \u201cEso hoy no lo tenemos\u201d<\/p>\n","protected":false},"author":2,"featured_media":61323,"comment_status":"closed","ping_status":"closed","sticky":false,"template":"","format":"standard","meta":{"footnotes":""},"categories":[4],"tags":[12],"class_list":["post-61296","post","type-post","status-publish","format-standard","has-post-thumbnail","hentry","category-informe-politico","tag-buenos-aires"],"_links":{"self":[{"href":"http:\/\/argentinamunicipal.com.ar\/argentina\/wp-json\/wp\/v2\/posts\/61296","targetHints":{"allow":["GET"]}}],"collection":[{"href":"http:\/\/argentinamunicipal.com.ar\/argentina\/wp-json\/wp\/v2\/posts"}],"about":[{"href":"http:\/\/argentinamunicipal.com.ar\/argentina\/wp-json\/wp\/v2\/types\/post"}],"author":[{"embeddable":true,"href":"http:\/\/argentinamunicipal.com.ar\/argentina\/wp-json\/wp\/v2\/users\/2"}],"replies":[{"embeddable":true,"href":"http:\/\/argentinamunicipal.com.ar\/argentina\/wp-json\/wp\/v2\/comments?post=61296"}],"version-history":[{"count":0,"href":"http:\/\/argentinamunicipal.com.ar\/argentina\/wp-json\/wp\/v2\/posts\/61296\/revisions"}],"wp:featuredmedia":[{"embeddable":true,"href":"http:\/\/argentinamunicipal.com.ar\/argentina\/wp-json\/wp\/v2\/media\/61323"}],"wp:attachment":[{"href":"http:\/\/argentinamunicipal.com.ar\/argentina\/wp-json\/wp\/v2\/media?parent=61296"}],"wp:term":[{"taxonomy":"category","embeddable":true,"href":"http:\/\/argentinamunicipal.com.ar\/argentina\/wp-json\/wp\/v2\/categories?post=61296"},{"taxonomy":"post_tag","embeddable":true,"href":"http:\/\/argentinamunicipal.com.ar\/argentina\/wp-json\/wp\/v2\/tags?post=61296"}],"curies":[{"name":"wp","href":"https:\/\/api.w.org\/{rel}","templated":true}]}}