{"id":61304,"date":"2017-04-04T07:48:32","date_gmt":"2017-04-04T10:48:32","guid":{"rendered":"http:\/\/argentinamunicipal.com.ar\/argentina\/?p=61304"},"modified":"2017-04-04T07:48:32","modified_gmt":"2017-04-04T10:48:32","slug":"asi-seria-la-transformacion-del-predio-estacion-mendoza","status":"publish","type":"post","link":"http:\/\/argentinamunicipal.com.ar\/argentina\/asi-seria-la-transformacion-del-predio-estacion-mendoza\/","title":{"rendered":"As\u00ed ser\u00eda la transformaci\u00f3n del predio \u00abEstaci\u00f3n Mendoza\u00bb"},"content":{"rendered":"<p>El proyecto ganador, de los arquitectos porte\u00f1os Guillermo Lesch y Santiago Belozercovsky, conjuga los conceptos de sustentabilidad, calidad de vida, proyecci\u00f3n ecol\u00f3gica y urbanismo.<\/p>\n<p>La Municipalidad de la Ciudad de Mendoza anunci\u00f3 oficialmente al proyecto ganador para la urbanizaci\u00f3n del mega predio ferroviario de la exl\u00ednea San Mart\u00edn, que permite un importante avance en la integraci\u00f3n de la capital provincial, en la utilizaci\u00f3n de amplios terrenos para jerarquizar el ejido urbano y el crecimiento de la oferta habitacional y comercial.<\/p>\n<p>La propuesta ganadora, entre veinticinco proyectos que analiz\u00f3 el jurado, corresponde a la elaborada por los arquitectos porte\u00f1os Guillermo Lesch y Santiago Belozercovsky, denominada Horizonte GS en base al denominado \u00abEstaci\u00f3n Mendoza &#8211; Distrito Sustentable\u00bb, la cual prev\u00e9 la construcci\u00f3n de edificios de distintas alturas y densidades, teniendo como eje la futura apertura de la avenida Belgrano en paralelo con las v\u00edas del Metrotranv\u00eda y una frondosa arboleda.<\/p>\n<p>A su vez, se proyect\u00f3 un extenso parque en el oeste del actual predio, que complementar\u00e1 espacios verdes con la infraestructura existente, como los galpones ferroviarios. Tanto el parque como las edificaciones estar\u00e1n conectados mediante paseos peatonales a nivel y plazas secas, ya que solo se prev\u00e9n las aperturas de Belgrano y la avenida Godoy Cruz para el tr\u00e1nsito vehicular.<\/p>\n<p>La propuesta de Lesch y Belozercovsky fue valorizada por su enfoque en la sustentabilidad que garantiza una alta calidad de vida, que refleja un modelo de urbanismo que la ciudad de Mendoza busca mostrarle al mundo como reflejo de la arquitectura contempor\u00e1nea para zonas \u00e1ridas. Adem\u00e1s combina los conceptos de tradici\u00f3n y expectativas de vida, que no solo elevar\u00e1 los est\u00e1ndares en calidad habitacional del futuro proyecto sino que tambi\u00e9n ampl\u00eda ese beneficio a los habitantes de la Ciudad, gracias al uso comercial y al pulm\u00f3n verde que pretende convertirse, con su consiguiente crecimiento tanto econ\u00f3mico, como social y urbano.<\/p>\n<p>De hecho, este proyecto se enmarca en el denominado Plan de Renovaci\u00f3n Urbana, que se ha convertido en el pilar de la gesti\u00f3n del intendente radical Rodolfo Su\u00e1rez, ya que se busca una revalorizaci\u00f3n trascendental del perfil de la Ciudad de Mendoza como una urbe moderna, respetuosa de sus tradiciones, progresista y sustentable.<\/p>\n<h6>Fuente: MDZ Online<\/h6>\n","protected":false},"excerpt":{"rendered":"<p>El proyecto ganador, de los arquitectos porte\u00f1os Guillermo Lesch y Santiago Belozercovsky, conjuga los conceptos de sustentabilidad, calidad de vida, proyecci\u00f3n ecol\u00f3gica y urbanismo.<\/p>\n","protected":false},"author":2,"featured_media":61305,"comment_status":"closed","ping_status":"closed","sticky":false,"template":"","format":"standard","meta":{"footnotes":""},"categories":[2],"tags":[31],"class_list":["post-61304","post","type-post","status-publish","format-standard","has-post-thumbnail","hentry","category-informe-municipal","tag-mendoza"],"_links":{"self":[{"href":"http:\/\/argentinamunicipal.com.ar\/argentina\/wp-json\/wp\/v2\/posts\/61304","targetHints":{"allow":["GET"]}}],"collection":[{"href":"http:\/\/argentinamunicipal.com.ar\/argentina\/wp-json\/wp\/v2\/posts"}],"about":[{"href":"http:\/\/argentinamunicipal.com.ar\/argentina\/wp-json\/wp\/v2\/types\/post"}],"author":[{"embeddable":true,"href":"http:\/\/argentinamunicipal.com.ar\/argentina\/wp-json\/wp\/v2\/users\/2"}],"replies":[{"embeddable":true,"href":"http:\/\/argentinamunicipal.com.ar\/argentina\/wp-json\/wp\/v2\/comments?post=61304"}],"version-history":[{"count":0,"href":"http:\/\/argentinamunicipal.com.ar\/argentina\/wp-json\/wp\/v2\/posts\/61304\/revisions"}],"wp:featuredmedia":[{"embeddable":true,"href":"http:\/\/argentinamunicipal.com.ar\/argentina\/wp-json\/wp\/v2\/media\/61305"}],"wp:attachment":[{"href":"http:\/\/argentinamunicipal.com.ar\/argentina\/wp-json\/wp\/v2\/media?parent=61304"}],"wp:term":[{"taxonomy":"category","embeddable":true,"href":"http:\/\/argentinamunicipal.com.ar\/argentina\/wp-json\/wp\/v2\/categories?post=61304"},{"taxonomy":"post_tag","embeddable":true,"href":"http:\/\/argentinamunicipal.com.ar\/argentina\/wp-json\/wp\/v2\/tags?post=61304"}],"curies":[{"name":"wp","href":"https:\/\/api.w.org\/{rel}","templated":true}]}}